
{"id":1076,"date":"2016-09-30T11:45:17","date_gmt":"2016-09-30T09:45:17","guid":{"rendered":"https:\/\/przedszkole121.edu.wroclaw.pl\/?p=1076"},"modified":"2016-09-30T11:45:29","modified_gmt":"2016-09-30T09:45:29","slug":"festiwal-krasnali","status":"publish","type":"post","link":"https:\/\/przedszkole121.edu.wroclaw.pl\/index.php\/2016\/09\/30\/festiwal-krasnali\/","title":{"rendered":"Festiwal Krasnali"},"content":{"rendered":"<p style=\"text-align: center\">17 wrze\u015bnia \u201eS\u00f3wki\u201d wzi\u0119\u0142y udzia\u0142 w niezwyk\u0142ym wydarzeniu. Zaraz po \u015bniadaniu pojecha\u0142y na Wroc\u0142awski Rynek by o godzinie 1000 wraz z kole\u017cankami i kolegami z innych przedszkoli i szk\u00f3\u0142 wyruszy\u0107 spod Pr\u0119gierza w <strong>Wielkiej Paradzie Krasnoludk\u00f3w.<\/strong> Kolorowy korow\u00f3d przemaszerowa\u0142 ulic\u0105 \u015awidnick\u0105 do Parku Staromiejskiego, gdzie rozpocz\u0105\u0142 si\u0119 <strong>Wroc\u0142awski Festiwal Krasnoludk\u00f3w<\/strong>. W Wielkiej Wiosce Krasnoludk\u00f3w \u201eS\u00f3wki\u201d odnalaz\u0142y swoj\u0105 chatk\u0119 i przyozdobi\u0142y j\u0105 przygotowanymi w przedszkolu dekoracjami.<br \/>\nMia\u0142y te\u017c okazj\u0119 spotka\u0107 krasnale i postaci z bajek kt\u00f3re przechadza\u0142y si\u0119 po parku ch\u0119tnie rozmawiaj\u0105c i pozuj\u0105c z dzie\u0107mi do zdj\u0119\u0107.<\/p>\n","protected":false},"excerpt":{"rendered":"<p>17 wrze\u015bnia \u201eS\u00f3wki\u201d wzi\u0119\u0142y udzia\u0142 w niezwyk\u0142ym wydarzeniu. Zaraz po \u015bniadaniu pojecha\u0142y na Wroc\u0142awski Rynek by o godzinie 1000 wraz z kole\u017cankami i kolegami z innych przedszkoli i szk\u00f3\u0142 wyruszy\u0107 [&hellip;]<\/p>\n","protected":false},"author":22,"featured_media":1077,"comment_status":"open","ping_status":"open","sticky":false,"template":"","format":"standard","meta":{"ngg_post_thumbnail":0,"footnotes":""},"categories":[1],"tags":[],"class_list":["post-1076","post","type-post","status-publish","format-standard","has-post-thumbnail","hentry","category-aktualnosci","clearfix"],"_links":{"self":[{"href":"https:\/\/przedszkole121.edu.wroclaw.pl\/index.php\/wp-json\/wp\/v2\/posts\/1076","targetHints":{"allow":["GET"]}}],"collection":[{"href":"https:\/\/przedszkole121.edu.wroclaw.pl\/index.php\/wp-json\/wp\/v2\/posts"}],"about":[{"href":"https:\/\/przedszkole121.edu.wroclaw.pl\/index.php\/wp-json\/wp\/v2\/types\/post"}],"author":[{"embeddable":true,"href":"https:\/\/przedszkole121.edu.wroclaw.pl\/index.php\/wp-json\/wp\/v2\/users\/22"}],"replies":[{"embeddable":true,"href":"https:\/\/przedszkole121.edu.wroclaw.pl\/index.php\/wp-json\/wp\/v2\/comments?post=1076"}],"version-history":[{"count":1,"href":"https:\/\/przedszkole121.edu.wroclaw.pl\/index.php\/wp-json\/wp\/v2\/posts\/1076\/revisions"}],"predecessor-version":[{"id":1078,"href":"https:\/\/przedszkole121.edu.wroclaw.pl\/index.php\/wp-json\/wp\/v2\/posts\/1076\/revisions\/1078"}],"wp:featuredmedia":[{"embeddable":true,"href":"https:\/\/przedszkole121.edu.wroclaw.pl\/index.php\/wp-json\/wp\/v2\/media\/1077"}],"wp:attachment":[{"href":"https:\/\/przedszkole121.edu.wroclaw.pl\/index.php\/wp-json\/wp\/v2\/media?parent=1076"}],"wp:term":[{"taxonomy":"category","embeddable":true,"href":"https:\/\/przedszkole121.edu.wroclaw.pl\/index.php\/wp-json\/wp\/v2\/categories?post=1076"},{"taxonomy":"post_tag","embeddable":true,"href":"https:\/\/przedszkole121.edu.wroclaw.pl\/index.php\/wp-json\/wp\/v2\/tags?post=1076"}],"curies":[{"name":"wp","href":"https:\/\/api.w.org\/{rel}","templated":true}]}}