
{"id":1177,"date":"2016-10-06T21:30:31","date_gmt":"2016-10-06T19:30:31","guid":{"rendered":"https:\/\/przedszkole121.edu.wroclaw.pl\/?p=1177"},"modified":"2016-10-06T21:30:31","modified_gmt":"2016-10-06T19:30:31","slug":"kanapka-dnia","status":"publish","type":"post","link":"https:\/\/przedszkole121.edu.wroclaw.pl\/index.php\/2016\/10\/06\/kanapka-dnia\/","title":{"rendered":"Kanapka dnia"},"content":{"rendered":"<p>Ju\u017c od roku proponujemy dzieciom czwartkowe samodzielne wykonywanie kanapki wg wzoru.<br \/>\nNa ka\u017cdym stoliku, podczas \u015bniadania, dzieci maj\u0105 dost\u0119pne wydrukowane wzory \u201ekanapki dnia\u201d. Pani intendent zamawia potrzebne produkty, panie pracuj\u0105ce w kuchni ( pani Sylwia, Kasia i Danusia) przygotowuj\u0105, kroj\u0105, przycinaj\u0105, wycinaj\u0105\u2026 poszczeg\u00f3lne elementy kompozycji kanapkowej. A potem dzieci samodzielnie uk\u0142adaj\u0105 na chlebku warzywa, w\u0119dlink\u0119\u2026 Uk\u0142adali\u015bmy myszk\u0119, biedronk\u0119, zaj\u0105czka\u2026 Ciekawe co b\u0119dziemy uk\u0142ada\u0107 w nast\u0119pny czwartek? Dzieci i Rodzice mog\u0105 to sprawdzi\u0107 na dedykowanej mini &#8211; tablicy w holu wej\u015bciowym. Mo\u017cecie Pa\u0144stwo ,podobn\u0105 u\u0142o\u017cy\u0107 w ramach wieczornych zabaw w domu, wszak trening czyni mistrza!<br \/>\nSamodzielnie przygotowana kanapeczka smakuje najlepiej \ud83d\ude42<br \/>\nI jest bardzo zdrowa!<\/p>\n","protected":false},"excerpt":{"rendered":"<p>Ju\u017c od roku proponujemy dzieciom czwartkowe samodzielne wykonywanie kanapki wg wzoru. Na ka\u017cdym stoliku, podczas \u015bniadania, dzieci maj\u0105 dost\u0119pne wydrukowane wzory \u201ekanapki dnia\u201d. Pani intendent zamawia potrzebne produkty, panie pracuj\u0105ce [&hellip;]<\/p>\n","protected":false},"author":22,"featured_media":678,"comment_status":"open","ping_status":"open","sticky":false,"template":"","format":"standard","meta":{"ngg_post_thumbnail":0,"footnotes":""},"categories":[1],"tags":[],"class_list":["post-1177","post","type-post","status-publish","format-standard","has-post-thumbnail","hentry","category-aktualnosci","clearfix"],"_links":{"self":[{"href":"https:\/\/przedszkole121.edu.wroclaw.pl\/index.php\/wp-json\/wp\/v2\/posts\/1177","targetHints":{"allow":["GET"]}}],"collection":[{"href":"https:\/\/przedszkole121.edu.wroclaw.pl\/index.php\/wp-json\/wp\/v2\/posts"}],"about":[{"href":"https:\/\/przedszkole121.edu.wroclaw.pl\/index.php\/wp-json\/wp\/v2\/types\/post"}],"author":[{"embeddable":true,"href":"https:\/\/przedszkole121.edu.wroclaw.pl\/index.php\/wp-json\/wp\/v2\/users\/22"}],"replies":[{"embeddable":true,"href":"https:\/\/przedszkole121.edu.wroclaw.pl\/index.php\/wp-json\/wp\/v2\/comments?post=1177"}],"version-history":[{"count":1,"href":"https:\/\/przedszkole121.edu.wroclaw.pl\/index.php\/wp-json\/wp\/v2\/posts\/1177\/revisions"}],"predecessor-version":[{"id":1178,"href":"https:\/\/przedszkole121.edu.wroclaw.pl\/index.php\/wp-json\/wp\/v2\/posts\/1177\/revisions\/1178"}],"wp:featuredmedia":[{"embeddable":true,"href":"https:\/\/przedszkole121.edu.wroclaw.pl\/index.php\/wp-json\/wp\/v2\/media\/678"}],"wp:attachment":[{"href":"https:\/\/przedszkole121.edu.wroclaw.pl\/index.php\/wp-json\/wp\/v2\/media?parent=1177"}],"wp:term":[{"taxonomy":"category","embeddable":true,"href":"https:\/\/przedszkole121.edu.wroclaw.pl\/index.php\/wp-json\/wp\/v2\/categories?post=1177"},{"taxonomy":"post_tag","embeddable":true,"href":"https:\/\/przedszkole121.edu.wroclaw.pl\/index.php\/wp-json\/wp\/v2\/tags?post=1177"}],"curies":[{"name":"wp","href":"https:\/\/api.w.org\/{rel}","templated":true}]}}