
{"id":1190,"date":"2016-10-10T22:09:13","date_gmt":"2016-10-10T20:09:13","guid":{"rendered":"https:\/\/przedszkole121.edu.wroclaw.pl\/?p=1190"},"modified":"2016-10-10T22:09:13","modified_gmt":"2016-10-10T20:09:13","slug":"europejski-dzien-ptakow-w-naszym-przedszkolu","status":"publish","type":"post","link":"https:\/\/przedszkole121.edu.wroclaw.pl\/index.php\/2016\/10\/10\/europejski-dzien-ptakow-w-naszym-przedszkolu\/","title":{"rendered":"Europejski Dzie\u0144 Ptak\u00f3w w naszym przedszkolu"},"content":{"rendered":"<p>W pi\u0105tek 30 wrze\u015bnia dzieci z grupy &#8222;Jask\u00f3\u0142ek&#8221; ju\u017c po raz drugi w\u0142\u0105czy\u0142y si\u0119 w akcj\u0119 Europejskich Dni Ptak\u00f3w 2016. Korzystaj\u0105c z przepi\u0119knej aury i pi\u0119knych teren\u00f3w Parku Szczytnickiego \u00a0udali\u015bmy si\u0119 na spacer ,obserwuj\u0105c ,w miar\u0119 mo\u017cliwo\u015bci w spokoju i ciszy, przelatuj\u0105ce ,treluj\u0105ce w powietrzu ,siedz\u0105ce w koronach drzew i baraszkuj\u0105ce w stawie ptaki. Z powodu pory dnia \u2013 godziny przedpo\u0142udniowe- ilo\u015b\u0107 obserwowanych ptak\u00f3w nie by\u0142a du\u017ca, ale dzieci pozna\u0142y bez trudu gatunki :kaczki krzy\u017c\u00f3wki ,go\u0142\u0119bie i wrony. Prawid\u0142owo przeliczy\u0142y i fachowo potwierdzi\u0142y swoje obliczenia na karcie obserwacyjnej. Do dyspozycji dzieci by\u0142y lornetki i lupy do obserwowania innych okaz\u00f3w przyrody. To by\u0142 bardzo ciekawy i odlotowy spacer . Wszystkie odnotowane informacje zostan\u0105 przes\u0142ane do Og\u00f3lnopolskiego Towarzystwa Ochrony Ptak\u00f3w,organizatora akcji na terenie Polski. Przed nami nast\u0119pne ju\u017c zimowe ptakoliczenie 2017.<\/p>\n<p>Pytanie : Czy w Polsce wyst\u0119puje ptak ,kt\u00f3ry nazywa si\u0119 tak samo jak bohaterka ba\u015bni ze zgubionym pantofelkiem na balu?<br \/>\nOdpowiedz : Tak .Ten ptak to kopciuszek i obecnie wybiera si\u0119 do ciep\u0142ych kraj\u00f3w.O wi\u0119cej szczeg\u00f3\u0142\u00f3w z \u017cycia kopciuszka zapytajcie dzieci z grupy jask\u00f3\u0142ek .One to wiedz\u0105!<\/p>\n","protected":false},"excerpt":{"rendered":"<p>W pi\u0105tek 30 wrze\u015bnia dzieci z grupy &#8222;Jask\u00f3\u0142ek&#8221; ju\u017c po raz drugi w\u0142\u0105czy\u0142y si\u0119 w akcj\u0119 Europejskich Dni Ptak\u00f3w 2016. Korzystaj\u0105c z przepi\u0119knej aury i pi\u0119knych teren\u00f3w Parku Szczytnickiego \u00a0udali\u015bmy [&hellip;]<\/p>\n","protected":false},"author":22,"featured_media":1191,"comment_status":"open","ping_status":"open","sticky":false,"template":"","format":"standard","meta":{"ngg_post_thumbnail":0,"footnotes":""},"categories":[1],"tags":[],"class_list":["post-1190","post","type-post","status-publish","format-standard","has-post-thumbnail","hentry","category-aktualnosci","clearfix"],"_links":{"self":[{"href":"https:\/\/przedszkole121.edu.wroclaw.pl\/index.php\/wp-json\/wp\/v2\/posts\/1190","targetHints":{"allow":["GET"]}}],"collection":[{"href":"https:\/\/przedszkole121.edu.wroclaw.pl\/index.php\/wp-json\/wp\/v2\/posts"}],"about":[{"href":"https:\/\/przedszkole121.edu.wroclaw.pl\/index.php\/wp-json\/wp\/v2\/types\/post"}],"author":[{"embeddable":true,"href":"https:\/\/przedszkole121.edu.wroclaw.pl\/index.php\/wp-json\/wp\/v2\/users\/22"}],"replies":[{"embeddable":true,"href":"https:\/\/przedszkole121.edu.wroclaw.pl\/index.php\/wp-json\/wp\/v2\/comments?post=1190"}],"version-history":[{"count":1,"href":"https:\/\/przedszkole121.edu.wroclaw.pl\/index.php\/wp-json\/wp\/v2\/posts\/1190\/revisions"}],"predecessor-version":[{"id":1192,"href":"https:\/\/przedszkole121.edu.wroclaw.pl\/index.php\/wp-json\/wp\/v2\/posts\/1190\/revisions\/1192"}],"wp:featuredmedia":[{"embeddable":true,"href":"https:\/\/przedszkole121.edu.wroclaw.pl\/index.php\/wp-json\/wp\/v2\/media\/1191"}],"wp:attachment":[{"href":"https:\/\/przedszkole121.edu.wroclaw.pl\/index.php\/wp-json\/wp\/v2\/media?parent=1190"}],"wp:term":[{"taxonomy":"category","embeddable":true,"href":"https:\/\/przedszkole121.edu.wroclaw.pl\/index.php\/wp-json\/wp\/v2\/categories?post=1190"},{"taxonomy":"post_tag","embeddable":true,"href":"https:\/\/przedszkole121.edu.wroclaw.pl\/index.php\/wp-json\/wp\/v2\/tags?post=1190"}],"curies":[{"name":"wp","href":"https:\/\/api.w.org\/{rel}","templated":true}]}}