
{"id":1213,"date":"2016-10-31T12:35:06","date_gmt":"2016-10-31T11:35:06","guid":{"rendered":"https:\/\/przedszkole121.edu.wroclaw.pl\/?p=1213"},"modified":"2016-10-31T22:06:01","modified_gmt":"2016-10-31T21:06:01","slug":"1213","status":"publish","type":"post","link":"https:\/\/przedszkole121.edu.wroclaw.pl\/index.php\/2016\/10\/31\/1213\/","title":{"rendered":"Odwiedziny Pani stomatolog"},"content":{"rendered":"<p style=\"text-align: center\"><strong><br \/>\n10 pa\u017adziernika<\/strong>\u00a0 go\u015bcili\u015bmy w naszym przedszkolu Pani\u0105 stomatolog .<br \/>\nW ramach Miejskiego Programu Profilaktyki Pr\u00f3chnicy Z\u0119b\u00f3w Dzieci w wieku 3-5 lat systematycznie\u00a0 dwa razy w roku szkolnym odwiedza nas stomatolog i asystent stomatologa.<br \/>\nPrzemi\u0142e Panie w formie kr\u00f3tkiego teatrzyku kukie\u0142kowego zapoznaj\u0105 dzieciaki z podstawow\u0105 wiedz\u0105 dotycz\u0105c\u0105 profilaktyki stomatologicznej , ucz\u0105 jak prawid\u0142owo szczotkowa\u0107 z\u0105bki \u00a0i zach\u0119caj\u0105 do odwiedzenia z rodzicami gabinetu stomatologicznego.<br \/>\nTo bardzo cenna inicjatywa w\u0142adz samorz\u0105dowych aby profilaktyk\u0105 obj\u0105\u0107 najm\u0142odszych Wroc\u0142awian w my\u015bl has\u0142a , kt\u00f3re towarzyszy projektowi<br \/>\n<strong>\u201e Bo wszyscy wiedz\u0105 i mali i duzi , \u017ce zdrowie zaczyna si\u0119 w buzi\u201d<\/strong><\/p>\n","protected":false},"excerpt":{"rendered":"<p>10 pa\u017adziernika\u00a0 go\u015bcili\u015bmy w naszym przedszkolu Pani\u0105 stomatolog . W ramach Miejskiego Programu Profilaktyki Pr\u00f3chnicy Z\u0119b\u00f3w Dzieci w wieku 3-5 lat systematycznie\u00a0 dwa razy w roku szkolnym odwiedza nas stomatolog [&hellip;]<\/p>\n","protected":false},"author":22,"featured_media":1230,"comment_status":"open","ping_status":"open","sticky":false,"template":"","format":"standard","meta":{"ngg_post_thumbnail":0,"footnotes":""},"categories":[1],"tags":[],"class_list":["post-1213","post","type-post","status-publish","format-standard","has-post-thumbnail","hentry","category-aktualnosci","clearfix"],"_links":{"self":[{"href":"https:\/\/przedszkole121.edu.wroclaw.pl\/index.php\/wp-json\/wp\/v2\/posts\/1213","targetHints":{"allow":["GET"]}}],"collection":[{"href":"https:\/\/przedszkole121.edu.wroclaw.pl\/index.php\/wp-json\/wp\/v2\/posts"}],"about":[{"href":"https:\/\/przedszkole121.edu.wroclaw.pl\/index.php\/wp-json\/wp\/v2\/types\/post"}],"author":[{"embeddable":true,"href":"https:\/\/przedszkole121.edu.wroclaw.pl\/index.php\/wp-json\/wp\/v2\/users\/22"}],"replies":[{"embeddable":true,"href":"https:\/\/przedszkole121.edu.wroclaw.pl\/index.php\/wp-json\/wp\/v2\/comments?post=1213"}],"version-history":[{"count":5,"href":"https:\/\/przedszkole121.edu.wroclaw.pl\/index.php\/wp-json\/wp\/v2\/posts\/1213\/revisions"}],"predecessor-version":[{"id":1218,"href":"https:\/\/przedszkole121.edu.wroclaw.pl\/index.php\/wp-json\/wp\/v2\/posts\/1213\/revisions\/1218"}],"wp:featuredmedia":[{"embeddable":true,"href":"https:\/\/przedszkole121.edu.wroclaw.pl\/index.php\/wp-json\/wp\/v2\/media\/1230"}],"wp:attachment":[{"href":"https:\/\/przedszkole121.edu.wroclaw.pl\/index.php\/wp-json\/wp\/v2\/media?parent=1213"}],"wp:term":[{"taxonomy":"category","embeddable":true,"href":"https:\/\/przedszkole121.edu.wroclaw.pl\/index.php\/wp-json\/wp\/v2\/categories?post=1213"},{"taxonomy":"post_tag","embeddable":true,"href":"https:\/\/przedszkole121.edu.wroclaw.pl\/index.php\/wp-json\/wp\/v2\/tags?post=1213"}],"curies":[{"name":"wp","href":"https:\/\/api.w.org\/{rel}","templated":true}]}}