
{"id":1288,"date":"2016-11-07T12:07:26","date_gmt":"2016-11-07T11:07:26","guid":{"rendered":"https:\/\/przedszkole121.edu.wroclaw.pl\/?p=1288"},"modified":"2016-11-09T21:11:15","modified_gmt":"2016-11-09T20:11:15","slug":"mamo-tato-czas-na-gry-ja-zaczynam-konczysz-ty","status":"publish","type":"post","link":"https:\/\/przedszkole121.edu.wroclaw.pl\/index.php\/2016\/11\/07\/mamo-tato-czas-na-gry-ja-zaczynam-konczysz-ty\/","title":{"rendered":"&#8222;Mamo ,tato czas na gry, ja zaczynam ko\u0144czysz Ty&#8221;"},"content":{"rendered":"<p><strong>&#8222;Mamo ,tato czas na gry ja zaczynam, ko\u0144czysz Ty&#8221;<\/strong> pod tym has\u0142em w pa\u017adziernikowe popo\u0142udnie\u00a0 odby\u0142o si\u0119 w naszym przedszkolu spotkanie dla naszych przedszkolak\u00f3w i ich rodzin.<\/p>\n<p>Po raz pierwszy nasze dzieciaki\u00a0 w towarzystwie kole\u017canek i koleg\u00f3w oraz rodzic\u00f3w i rodze\u0144stwa mog\u0142y pogra\u0107 w ulubione gry planszowe przyniesione na t\u0119 okazj\u0119 z domu. Sala rekreacyjna zape\u0142ni\u0142a si\u0119 plansz\u00f3wkami , uk\u0142adankami i puzzlami. Wyb\u00f3r by\u0142 ogromny , ch\u0119tnych do wsp\u00f3lnego grania\u00a0 r\u00f3wnie\u017c wielu. Wszyscy bawili si\u0119 doskonale, bo przecie\u017c podzieli\u0107 si\u0119 z koleg\u0105 swoj\u0105 ulubion\u0105 zabawk\u0105 to ogromna przyjemno\u015b\u0107 , a granie czy uk\u0142adanie puzzli nie tylko z mam\u0105 i tat\u0105 zdarza si\u0119 przecie\u017c niecz\u0119sto.<\/p>\n<p>Zestaw gier polecany przez uczestnik\u00f3w spotkania:<\/p>\n<ol>\n<li>&#8221; Odkry\u0107 zrozumie\u0107 i pozna\u0107 siebie&#8221;<\/li>\n<li>&#8221; P\u0119dz\u0105ce \u017c\u00f3\u0142wie&#8221;<\/li>\n<li>&#8221; \u015api\u0105ce kr\u00f3lewny&#8221;<\/li>\n<li>&#8221; Skubane kurczaki&#8221;<\/li>\n<li>&#8221; Dooble&#8221;<\/li>\n<li>&#8221; Uno&#8221;<\/li>\n<\/ol>\n","protected":false},"excerpt":{"rendered":"<p>&#8222;Mamo ,tato czas na gry ja zaczynam, ko\u0144czysz Ty&#8221; pod tym has\u0142em w pa\u017adziernikowe popo\u0142udnie\u00a0 odby\u0142o si\u0119 w naszym przedszkolu spotkanie dla naszych przedszkolak\u00f3w i ich rodzin. Po raz pierwszy [&hellip;]<\/p>\n","protected":false},"author":22,"featured_media":1290,"comment_status":"open","ping_status":"open","sticky":false,"template":"","format":"standard","meta":{"ngg_post_thumbnail":0,"footnotes":""},"categories":[1],"tags":[],"class_list":["post-1288","post","type-post","status-publish","format-standard","has-post-thumbnail","hentry","category-aktualnosci","clearfix"],"_links":{"self":[{"href":"https:\/\/przedszkole121.edu.wroclaw.pl\/index.php\/wp-json\/wp\/v2\/posts\/1288","targetHints":{"allow":["GET"]}}],"collection":[{"href":"https:\/\/przedszkole121.edu.wroclaw.pl\/index.php\/wp-json\/wp\/v2\/posts"}],"about":[{"href":"https:\/\/przedszkole121.edu.wroclaw.pl\/index.php\/wp-json\/wp\/v2\/types\/post"}],"author":[{"embeddable":true,"href":"https:\/\/przedszkole121.edu.wroclaw.pl\/index.php\/wp-json\/wp\/v2\/users\/22"}],"replies":[{"embeddable":true,"href":"https:\/\/przedszkole121.edu.wroclaw.pl\/index.php\/wp-json\/wp\/v2\/comments?post=1288"}],"version-history":[{"count":5,"href":"https:\/\/przedszkole121.edu.wroclaw.pl\/index.php\/wp-json\/wp\/v2\/posts\/1288\/revisions"}],"predecessor-version":[{"id":1294,"href":"https:\/\/przedszkole121.edu.wroclaw.pl\/index.php\/wp-json\/wp\/v2\/posts\/1288\/revisions\/1294"}],"wp:featuredmedia":[{"embeddable":true,"href":"https:\/\/przedszkole121.edu.wroclaw.pl\/index.php\/wp-json\/wp\/v2\/media\/1290"}],"wp:attachment":[{"href":"https:\/\/przedszkole121.edu.wroclaw.pl\/index.php\/wp-json\/wp\/v2\/media?parent=1288"}],"wp:term":[{"taxonomy":"category","embeddable":true,"href":"https:\/\/przedszkole121.edu.wroclaw.pl\/index.php\/wp-json\/wp\/v2\/categories?post=1288"},{"taxonomy":"post_tag","embeddable":true,"href":"https:\/\/przedszkole121.edu.wroclaw.pl\/index.php\/wp-json\/wp\/v2\/tags?post=1288"}],"curies":[{"name":"wp","href":"https:\/\/api.w.org\/{rel}","templated":true}]}}