
{"id":1310,"date":"2016-11-28T11:10:48","date_gmt":"2016-11-28T10:10:48","guid":{"rendered":"https:\/\/przedszkole121.edu.wroclaw.pl\/?p=1310"},"modified":"2016-12-02T14:37:11","modified_gmt":"2016-12-02T13:37:11","slug":"marchewkowe-ciasteczka-warsztaty-kulinarne","status":"publish","type":"post","link":"https:\/\/przedszkole121.edu.wroclaw.pl\/index.php\/2016\/11\/28\/marchewkowe-ciasteczka-warsztaty-kulinarne\/","title":{"rendered":"Marchewkowe ciasteczka- warsztaty kulinarne"},"content":{"rendered":"<p>18 i 22 listopada 2016 r. dzieci z grupy &#8222;Sikorek&#8221; , &#8222;Kaczuszek&#8221; , &#8222;Wr\u00f3belk\u00f3w&#8221; i &#8222;Skowronk\u00f3w&#8221;<br \/>\n w ramach realizowanego w plac\u00f3wce projektu \u201e Magia smak\u00f3w\u201d zosta\u0142y zaproszone na warsztaty kulinarne pod has\u0142em<br \/>\n<strong>\u201e Marchewkowo-owsiane  ciasteczka\u201d <\/strong>.<br \/>\nZaj\u0119cia by\u0142y fascynuj\u0105c\u0105 podr\u00f3\u017c\u0105 do \u015bwiata smak\u00f3w , zapach\u00f3w i kolor\u00f3w.<br \/>\nDzi\u0119ki zabawie w gotowanie po\u0142\u0105czonej z elementami dozna\u0144 sensorycznych w prosty i przyjemny spos\u00f3b mo\u017cna wspiera\u0107 dziecko w poznawaniu zmys\u0142owym i rozumieniu przez nie otaczaj\u0105cego go \u015bwiata.<br \/>\nZaj\u0119cia takie maja na celu nauczy\u0107 dzieci czerpania  rado\u015bci ze wsp\u00f3lnego przygotowywania potraw oraz zach\u0119ci\u0107 i do zdrowego od\u017cywiania pokazuj\u0105c im , \u017ce to co jest zdrowe mo\u017ce te\u017c \u0142adnie wygl\u0105da\u0107  i wy\u015bmienicie smakowa\u0107.<br \/>\nMarchewkowe ciasteczka to jedna z wielu propozycji kulinarnych , kt\u00f3re b\u0119dziemy w tym roku kierowa\u0107 do dzieci w ramach realizowanego  projektu.<br \/>\nJest to zreszt\u0105 kontynuacja dotychczasowych dzia\u0142a\u0144 proponowanych naszym  dzieciom takich jak :<br \/>\n( samodzielne pieczenie chleba ,wykonywanie kanapeczek wg wzoru, robienie sa\u0142atek  warzywnych  i owocowych , robienie sok\u00f3w, kiszenie kapusty, pieczenie piernik\u00f3w itp.)<\/p>\n","protected":false},"excerpt":{"rendered":"<p>18 i 22 listopada 2016 r. dzieci z grupy &#8222;Sikorek&#8221; , &#8222;Kaczuszek&#8221; , &#8222;Wr\u00f3belk\u00f3w&#8221; i &#8222;Skowronk\u00f3w&#8221; w ramach realizowanego w plac\u00f3wce projektu \u201e Magia smak\u00f3w\u201d zosta\u0142y zaproszone na warsztaty kulinarne [&hellip;]<\/p>\n","protected":false},"author":22,"featured_media":1312,"comment_status":"open","ping_status":"open","sticky":false,"template":"","format":"standard","meta":{"ngg_post_thumbnail":0,"footnotes":""},"categories":[1],"tags":[],"class_list":["post-1310","post","type-post","status-publish","format-standard","has-post-thumbnail","hentry","category-aktualnosci","clearfix"],"_links":{"self":[{"href":"https:\/\/przedszkole121.edu.wroclaw.pl\/index.php\/wp-json\/wp\/v2\/posts\/1310","targetHints":{"allow":["GET"]}}],"collection":[{"href":"https:\/\/przedszkole121.edu.wroclaw.pl\/index.php\/wp-json\/wp\/v2\/posts"}],"about":[{"href":"https:\/\/przedszkole121.edu.wroclaw.pl\/index.php\/wp-json\/wp\/v2\/types\/post"}],"author":[{"embeddable":true,"href":"https:\/\/przedszkole121.edu.wroclaw.pl\/index.php\/wp-json\/wp\/v2\/users\/22"}],"replies":[{"embeddable":true,"href":"https:\/\/przedszkole121.edu.wroclaw.pl\/index.php\/wp-json\/wp\/v2\/comments?post=1310"}],"version-history":[{"count":4,"href":"https:\/\/przedszkole121.edu.wroclaw.pl\/index.php\/wp-json\/wp\/v2\/posts\/1310\/revisions"}],"predecessor-version":[{"id":1348,"href":"https:\/\/przedszkole121.edu.wroclaw.pl\/index.php\/wp-json\/wp\/v2\/posts\/1310\/revisions\/1348"}],"wp:featuredmedia":[{"embeddable":true,"href":"https:\/\/przedszkole121.edu.wroclaw.pl\/index.php\/wp-json\/wp\/v2\/media\/1312"}],"wp:attachment":[{"href":"https:\/\/przedszkole121.edu.wroclaw.pl\/index.php\/wp-json\/wp\/v2\/media?parent=1310"}],"wp:term":[{"taxonomy":"category","embeddable":true,"href":"https:\/\/przedszkole121.edu.wroclaw.pl\/index.php\/wp-json\/wp\/v2\/categories?post=1310"},{"taxonomy":"post_tag","embeddable":true,"href":"https:\/\/przedszkole121.edu.wroclaw.pl\/index.php\/wp-json\/wp\/v2\/tags?post=1310"}],"curies":[{"name":"wp","href":"https:\/\/api.w.org\/{rel}","templated":true}]}}