
{"id":1338,"date":"2016-12-01T14:05:14","date_gmt":"2016-12-01T13:05:14","guid":{"rendered":"https:\/\/przedszkole121.edu.wroclaw.pl\/?p=1338"},"modified":"2016-12-02T14:31:03","modified_gmt":"2016-12-02T13:31:03","slug":"jestem-na-p-tak","status":"publish","type":"post","link":"https:\/\/przedszkole121.edu.wroclaw.pl\/index.php\/2016\/12\/01\/jestem-na-p-tak\/","title":{"rendered":"&#8222;Jestem na  pTAK&#8221;"},"content":{"rendered":"<p>Mi\u0142o nam poinformowa\u0107 Pa\u0144stwa , \u017ce przy\u0142\u0105czyli\u015bmy si\u0119 do Og\u00f3lnopolskiej  Spo\u0142ecznej  Kampanii Wiedzy i Edukacji Przyrodniczej &#8222;Jestem na pTAK&#8221;.<br \/>\nKampani\u0119 prowadzi Stowarzyszenie Ptaki Polskie a ambasadorami kampanii jest wiele znanych os\u00f3b.<br \/>\nStan naszego \u015brodowiska jest spraw\u0105 nas wszystkich. Wszyscy mamy te\u017c wp\u0142yw na nasze \u015brodowisko. W ko\u0144cu \u017cyjemy w jednym globalnym ekosystemie.<br \/>\nTe prawd\u0119 pragniemy przekaza\u0107 naszym przedszkolakom.<br \/>\n Od najwcze\u015bniejszych lat nale\u017cy rozpocz\u0105\u0107  kszta\u0142towanie w\u0142a\u015bciwej postawy cz\u0142owieka wobec \u015brodowiska. Dziecko w wieku przedszkolnym wchodzi w aktywne relacje ze swoim spo\u0142ecznym i przyrodniczym \u015brodowiskiem, nawi\u0105zuje \u017cywy i silny kontakt z przyrod\u0105. Jest gotowe do jej poznawania i jej ochrony. Poznawanie przyrody, prze\u017cywanie jej pi\u0119kna i bogactwa, stwarzanie warunk\u00f3w bezpo\u015bredniego kontaktu z ni\u0105 zapewnia dziecku biospo\u0142eczny rozw\u00f3j. <\/p>\n<p>Dzia\u0142ania zwi\u0105zane z ochron\u0105 naszego \u015brodowiska s\u0105 od wielu lat widoczne w naszym przedszkolu , w projekcie \u201e Jestem na pTAK&#8221;   k\u0142adziemy jednak szczeg\u00f3lny nacisk na poznanie i ochron\u0119 ptak\u00f3w polskich. Jednym z element\u00f3w realizowanej kampanii jest:<br \/>\n\u2022\twiosenne i jesienne \u201eptakoliczenie\u201d , w kt\u00f3rym wzi\u0119\u0142y udzia\u0142 dzieci z grupy Jask\u00f3\u0142ek wraz z Pani\u0105 Mart\u0105 ,<br \/>\n\u2022\tw naszym patio mo\u017cna zobaczy\u0107  ukryte w\u015br\u00f3d zieleni ptaszki, naturalnej wielkosci , kt\u00f3re s\u0105 symbolem ka\u017cdej grupy<br \/>\n\u2022\tobchodzimy w przedszkolu  \u201e \u015bwi\u0119to  wybranego ptaszka\u201d<br \/>\n\u2022\tdzieci s\u0142uchaj\u0105 odg\u0142os\u00f3w wydawanych przez ptaki<br \/>\n\u2022\tzaprosili\u015bmy Pa\u0144stwa do udzia\u0142u w warsztatach plastycznych podczas , kt\u00f3rych powsta\u0142y przepi\u0119kne , kolorowe ptaki wykonane z masy papierowej i niepotrzebnych  zu\u017cytych karton\u00f3w ( zdj\u0119cia z warsztat\u00f3w mo\u017cecie Pa\u0144stwo ogl\u0105da\u0107 w galerii )<\/p>\n<p>Przed nami jeszcze wiele dzia\u0142a\u0144 i odkry\u0107  , o kt\u00f3rych b\u0119dziemy Pa\u0144stwa na bie\u017c\u0105co informowali.<\/p>\n","protected":false},"excerpt":{"rendered":"<p>Mi\u0142o nam poinformowa\u0107 Pa\u0144stwa , \u017ce przy\u0142\u0105czyli\u015bmy si\u0119 do Og\u00f3lnopolskiej Spo\u0142ecznej Kampanii Wiedzy i Edukacji Przyrodniczej &#8222;Jestem na pTAK&#8221;. Kampani\u0119 prowadzi Stowarzyszenie Ptaki Polskie a ambasadorami kampanii jest wiele znanych [&hellip;]<\/p>\n","protected":false},"author":22,"featured_media":1345,"comment_status":"open","ping_status":"open","sticky":false,"template":"","format":"standard","meta":{"ngg_post_thumbnail":0,"footnotes":""},"categories":[1],"tags":[],"class_list":["post-1338","post","type-post","status-publish","format-standard","has-post-thumbnail","hentry","category-aktualnosci","clearfix"],"_links":{"self":[{"href":"https:\/\/przedszkole121.edu.wroclaw.pl\/index.php\/wp-json\/wp\/v2\/posts\/1338","targetHints":{"allow":["GET"]}}],"collection":[{"href":"https:\/\/przedszkole121.edu.wroclaw.pl\/index.php\/wp-json\/wp\/v2\/posts"}],"about":[{"href":"https:\/\/przedszkole121.edu.wroclaw.pl\/index.php\/wp-json\/wp\/v2\/types\/post"}],"author":[{"embeddable":true,"href":"https:\/\/przedszkole121.edu.wroclaw.pl\/index.php\/wp-json\/wp\/v2\/users\/22"}],"replies":[{"embeddable":true,"href":"https:\/\/przedszkole121.edu.wroclaw.pl\/index.php\/wp-json\/wp\/v2\/comments?post=1338"}],"version-history":[{"count":5,"href":"https:\/\/przedszkole121.edu.wroclaw.pl\/index.php\/wp-json\/wp\/v2\/posts\/1338\/revisions"}],"predecessor-version":[{"id":1347,"href":"https:\/\/przedszkole121.edu.wroclaw.pl\/index.php\/wp-json\/wp\/v2\/posts\/1338\/revisions\/1347"}],"wp:featuredmedia":[{"embeddable":true,"href":"https:\/\/przedszkole121.edu.wroclaw.pl\/index.php\/wp-json\/wp\/v2\/media\/1345"}],"wp:attachment":[{"href":"https:\/\/przedszkole121.edu.wroclaw.pl\/index.php\/wp-json\/wp\/v2\/media?parent=1338"}],"wp:term":[{"taxonomy":"category","embeddable":true,"href":"https:\/\/przedszkole121.edu.wroclaw.pl\/index.php\/wp-json\/wp\/v2\/categories?post=1338"},{"taxonomy":"post_tag","embeddable":true,"href":"https:\/\/przedszkole121.edu.wroclaw.pl\/index.php\/wp-json\/wp\/v2\/tags?post=1338"}],"curies":[{"name":"wp","href":"https:\/\/api.w.org\/{rel}","templated":true}]}}