
{"id":1376,"date":"2016-12-12T13:46:46","date_gmt":"2016-12-12T12:46:46","guid":{"rendered":"https:\/\/przedszkole121.edu.wroclaw.pl\/?p=1376"},"modified":"2016-12-13T15:14:29","modified_gmt":"2016-12-13T14:14:29","slug":"piernikowe-warsztaty-u-wrobelkow","status":"publish","type":"post","link":"https:\/\/przedszkole121.edu.wroclaw.pl\/index.php\/2016\/12\/12\/piernikowe-warsztaty-u-wrobelkow\/","title":{"rendered":"Piernikowe warsztaty u &#8222;Wr\u00f3belk\u00f3w&#8221;"},"content":{"rendered":"<p>7 grudnia 2016 roku, tj. w \u015brod\u0119, w grupie Wr\u00f3belk\u00f3w popo\u0142udnie zapachnia\u0142o piernikami, cytrusami oraz aromatycznym naparem prawdziwej zimowej herbatki. Przyszli zaproszeni rodzice zabieraj\u0105c oczywi\u015bcie swoje pociechy \u2013 te male\u0144kie, ma\u0142e, ale r\u00f3wnie\u017c te nieco starsze&#8230; Wszyscy na moment zamienili si\u0119 w dzieci i ca\u0142kowicie poch\u0142oni\u0119ci dekorowaniem piernik\u00f3w (kt\u00f3re wcze\u015bniej upiek\u0142y dla nas Wr\u00f3belkowe mamy), robieniem zawieszek i ubieraniem choinki oddali si\u0119 z zapa\u0142em pracy artystycznej. Przy kol\u0119dach, pastora\u0142kach i aromatycznej herbatce czas up\u0142yn\u0105\u0142 bardzo sympatycznie, mi\u0142o i magicznie szybko&#8230;Przy ubranej ju\u017c choince &#8211; wsp\u00f3lnie z rodzicami &#8211; za\u015bpiewali\u015bmy kol\u0119dy. D\u017awi\u0119ki gitary towarzysz\u0105ce kol\u0119dom wyczarowa\u0142 dla nas jeden z tatusi\u00f3w&#8230;W ten spos\u00f3b, z \u017cyczeniami Weso\u0142ych \u015awi\u0105t, wsp\u00f3lnie wkroczyli\u015bmy w ten niezwyk\u0142y czas oczekiwania na te zimowe \u015bwi\u0119ta&#8230;<\/p>\n","protected":false},"excerpt":{"rendered":"<p>7 grudnia 2016 roku, tj. w \u015brod\u0119, w grupie Wr\u00f3belk\u00f3w popo\u0142udnie zapachnia\u0142o piernikami, cytrusami oraz aromatycznym naparem prawdziwej zimowej herbatki. Przyszli zaproszeni rodzice zabieraj\u0105c oczywi\u015bcie swoje pociechy \u2013 te male\u0144kie, [&hellip;]<\/p>\n","protected":false},"author":22,"featured_media":1381,"comment_status":"open","ping_status":"open","sticky":false,"template":"","format":"standard","meta":{"ngg_post_thumbnail":0,"footnotes":""},"categories":[1],"tags":[],"class_list":["post-1376","post","type-post","status-publish","format-standard","has-post-thumbnail","hentry","category-aktualnosci","clearfix"],"_links":{"self":[{"href":"https:\/\/przedszkole121.edu.wroclaw.pl\/index.php\/wp-json\/wp\/v2\/posts\/1376","targetHints":{"allow":["GET"]}}],"collection":[{"href":"https:\/\/przedszkole121.edu.wroclaw.pl\/index.php\/wp-json\/wp\/v2\/posts"}],"about":[{"href":"https:\/\/przedszkole121.edu.wroclaw.pl\/index.php\/wp-json\/wp\/v2\/types\/post"}],"author":[{"embeddable":true,"href":"https:\/\/przedszkole121.edu.wroclaw.pl\/index.php\/wp-json\/wp\/v2\/users\/22"}],"replies":[{"embeddable":true,"href":"https:\/\/przedszkole121.edu.wroclaw.pl\/index.php\/wp-json\/wp\/v2\/comments?post=1376"}],"version-history":[{"count":3,"href":"https:\/\/przedszkole121.edu.wroclaw.pl\/index.php\/wp-json\/wp\/v2\/posts\/1376\/revisions"}],"predecessor-version":[{"id":1380,"href":"https:\/\/przedszkole121.edu.wroclaw.pl\/index.php\/wp-json\/wp\/v2\/posts\/1376\/revisions\/1380"}],"wp:featuredmedia":[{"embeddable":true,"href":"https:\/\/przedszkole121.edu.wroclaw.pl\/index.php\/wp-json\/wp\/v2\/media\/1381"}],"wp:attachment":[{"href":"https:\/\/przedszkole121.edu.wroclaw.pl\/index.php\/wp-json\/wp\/v2\/media?parent=1376"}],"wp:term":[{"taxonomy":"category","embeddable":true,"href":"https:\/\/przedszkole121.edu.wroclaw.pl\/index.php\/wp-json\/wp\/v2\/categories?post=1376"},{"taxonomy":"post_tag","embeddable":true,"href":"https:\/\/przedszkole121.edu.wroclaw.pl\/index.php\/wp-json\/wp\/v2\/tags?post=1376"}],"curies":[{"name":"wp","href":"https:\/\/api.w.org\/{rel}","templated":true}]}}