
{"id":1407,"date":"2016-12-21T12:26:51","date_gmt":"2016-12-21T11:26:51","guid":{"rendered":"https:\/\/przedszkole121.edu.wroclaw.pl\/?p=1407"},"modified":"2016-12-22T11:46:23","modified_gmt":"2016-12-22T10:46:23","slug":"jaselkowe-koledowanie-w-przedszkolu","status":"publish","type":"post","link":"https:\/\/przedszkole121.edu.wroclaw.pl\/index.php\/2016\/12\/21\/jaselkowe-koledowanie-w-przedszkolu\/","title":{"rendered":"Jase\u0142kowe kol\u0119dowanie w przedszkolu"},"content":{"rendered":"<p>Jase\u0142kowe spotkanie.<\/p>\n<p>Coroczn\u0105 tradycj\u0105 w naszym przedszkolu jest wsp\u00f3lne ogl\u0105danie i prze\u017cywanie przedstawienia jase\u0142kowego przygotowanego przez dzieci z najstarszej grupy.<\/p>\n<p>Niezale\u017cnie od tego czy prze\u017cywanie\u00a0 \u015awi\u0105t Bo\u017cego Narodzenia ma dla nas wymiar\u00a0 religijny czy jest to tylko kultywowanie wielowiekowej tradycji\u00a0 w tym czasie budz\u0105 si\u0119 w nas uczucia najszczersze , najpi\u0119kniejsze., odkrywamy nieraz ukryte g\u0142\u0119boko pok\u0142ady dobroci. Dajemy si\u0119 ponie\u015b\u0107 wtedy magii \u00a0\u015bwi\u0105t i wspania\u0142ym wspomnieniom z dzieci\u0144stwa. To jeden z najpi\u0119kniejszych okres\u00f3w w roku.<\/p>\n<p>W tym roku w \u015bwi\u0105teczny nastr\u00f3j wprowadzi\u0142a nas grupa s\u00f3wek , kt\u00f3ra przygotowa\u0142a dla wszystkich monta\u017c s\u0142owno- muzyczny , gdzie anio\u0142owie , kr\u00f3lowie , pastuszkowie Maryja i J\u00f3zef to g\u0142\u00f3wni bohaterowie.<\/p>\n<p>Na scenie zrobi\u0142o si\u0119 magicznie , bia\u0142o i \u015bwi\u0105tecznie.<\/p>\n<p>Wszyscy widzowie i mali i duzi byli pod ogromnym wra\u017cenie kunsztu wokalno aktorskiego naszych przedszkolak\u00f3w.<\/p>\n<p>Ogromne brawa i podzi\u0119kowania\u00a0 nale\u017c\u0105 si\u0119 wszystkim , zar\u00f3wno ma\u0142ym aktorom jaki i\u00a0 Paniom Natalii, Asi i Paulinie.<\/p>\n","protected":false},"excerpt":{"rendered":"<p>Jase\u0142kowe spotkanie. Coroczn\u0105 tradycj\u0105 w naszym przedszkolu jest wsp\u00f3lne ogl\u0105danie i prze\u017cywanie przedstawienia jase\u0142kowego przygotowanego przez dzieci z najstarszej grupy. Niezale\u017cnie od tego czy prze\u017cywanie\u00a0 \u015awi\u0105t Bo\u017cego Narodzenia ma dla [&hellip;]<\/p>\n","protected":false},"author":22,"featured_media":1425,"comment_status":"open","ping_status":"open","sticky":false,"template":"","format":"standard","meta":{"ngg_post_thumbnail":0,"footnotes":""},"categories":[1],"tags":[],"class_list":["post-1407","post","type-post","status-publish","format-standard","has-post-thumbnail","hentry","category-aktualnosci","clearfix"],"_links":{"self":[{"href":"https:\/\/przedszkole121.edu.wroclaw.pl\/index.php\/wp-json\/wp\/v2\/posts\/1407","targetHints":{"allow":["GET"]}}],"collection":[{"href":"https:\/\/przedszkole121.edu.wroclaw.pl\/index.php\/wp-json\/wp\/v2\/posts"}],"about":[{"href":"https:\/\/przedszkole121.edu.wroclaw.pl\/index.php\/wp-json\/wp\/v2\/types\/post"}],"author":[{"embeddable":true,"href":"https:\/\/przedszkole121.edu.wroclaw.pl\/index.php\/wp-json\/wp\/v2\/users\/22"}],"replies":[{"embeddable":true,"href":"https:\/\/przedszkole121.edu.wroclaw.pl\/index.php\/wp-json\/wp\/v2\/comments?post=1407"}],"version-history":[{"count":1,"href":"https:\/\/przedszkole121.edu.wroclaw.pl\/index.php\/wp-json\/wp\/v2\/posts\/1407\/revisions"}],"predecessor-version":[{"id":1408,"href":"https:\/\/przedszkole121.edu.wroclaw.pl\/index.php\/wp-json\/wp\/v2\/posts\/1407\/revisions\/1408"}],"wp:featuredmedia":[{"embeddable":true,"href":"https:\/\/przedszkole121.edu.wroclaw.pl\/index.php\/wp-json\/wp\/v2\/media\/1425"}],"wp:attachment":[{"href":"https:\/\/przedszkole121.edu.wroclaw.pl\/index.php\/wp-json\/wp\/v2\/media?parent=1407"}],"wp:term":[{"taxonomy":"category","embeddable":true,"href":"https:\/\/przedszkole121.edu.wroclaw.pl\/index.php\/wp-json\/wp\/v2\/categories?post=1407"},{"taxonomy":"post_tag","embeddable":true,"href":"https:\/\/przedszkole121.edu.wroclaw.pl\/index.php\/wp-json\/wp\/v2\/tags?post=1407"}],"curies":[{"name":"wp","href":"https:\/\/api.w.org\/{rel}","templated":true}]}}