
{"id":1411,"date":"2016-12-21T14:47:17","date_gmt":"2016-12-21T13:47:17","guid":{"rendered":"https:\/\/przedszkole121.edu.wroclaw.pl\/?p=1411"},"modified":"2017-01-30T00:21:43","modified_gmt":"2017-01-29T23:21:43","slug":"kiermasz-ozdob-swiatecznych","status":"publish","type":"post","link":"https:\/\/przedszkole121.edu.wroclaw.pl\/index.php\/2016\/12\/21\/kiermasz-ozdob-swiatecznych\/","title":{"rendered":"kiermasz ozd\u00f3b swiatecznych"},"content":{"rendered":"<p style=\"text-align: center\"><strong>Kiermasz ozd\u00f3b \u015bwi\u0105tecznych<\/strong><br \/>\nKiermasz ozd\u00f3b \u015bwi\u0105tecznych w naszym przedszkolu to wieloletnia tradycja.<br \/>\nDzieci wraz z nauczycielkami podczas pobytu w przedszkolu wykonuj\u0105 przepi\u0119kne ozdoby bo\u017conarodzeniowe , kt\u00f3re potem trafiaj\u0105 na kiermasz i s\u0105 przez Pa\u0144stwa zakupione. Stanowi\u0105 ozdob\u0119 domowych choinek lub sto\u0142\u00f3w wigilijnych.<br \/>\nKolejny ju\u017c raz tak\u017ce\u00a0 mama Igorka M.\u00a0 przekaza\u0142a na kiermasz w\u0142asnor\u0119cznie wykonane ozdoby , kt\u00f3re r\u00f3wnie\u017c trafi\u0142y do sprzeda\u017cy.<br \/>\nBardzo Pani dzi\u0119kujemy.<br \/>\nPrzygotowanie kiermaszu to spos\u00f3b pozyskania dodatkowych \u015brodk\u00f3w dla plac\u00f3wki i jak co roku nie zawiedli\u015bcie<br \/>\nnas Pa\u0144stwo .<br \/>\nDzi\u0119ki Waszej hojno\u015bci uzbierali\u015bmy w tym roku kwot\u0119 1020 z\u0142, kt\u00f3ra przeznaczymy na wyremontowanie naszego trzeciego patio w 2017 r.<\/p>\n","protected":false},"excerpt":{"rendered":"<p>Kiermasz ozd\u00f3b \u015bwi\u0105tecznych Kiermasz ozd\u00f3b \u015bwi\u0105tecznych w naszym przedszkolu to wieloletnia tradycja. Dzieci wraz z nauczycielkami podczas pobytu w przedszkolu wykonuj\u0105 przepi\u0119kne ozdoby bo\u017conarodzeniowe , kt\u00f3re potem trafiaj\u0105 na kiermasz [&hellip;]<\/p>\n","protected":false},"author":22,"featured_media":1424,"comment_status":"open","ping_status":"open","sticky":false,"template":"","format":"standard","meta":{"ngg_post_thumbnail":0,"footnotes":""},"categories":[1],"tags":[],"class_list":["post-1411","post","type-post","status-publish","format-standard","has-post-thumbnail","hentry","category-aktualnosci","clearfix"],"_links":{"self":[{"href":"https:\/\/przedszkole121.edu.wroclaw.pl\/index.php\/wp-json\/wp\/v2\/posts\/1411","targetHints":{"allow":["GET"]}}],"collection":[{"href":"https:\/\/przedszkole121.edu.wroclaw.pl\/index.php\/wp-json\/wp\/v2\/posts"}],"about":[{"href":"https:\/\/przedszkole121.edu.wroclaw.pl\/index.php\/wp-json\/wp\/v2\/types\/post"}],"author":[{"embeddable":true,"href":"https:\/\/przedszkole121.edu.wroclaw.pl\/index.php\/wp-json\/wp\/v2\/users\/22"}],"replies":[{"embeddable":true,"href":"https:\/\/przedszkole121.edu.wroclaw.pl\/index.php\/wp-json\/wp\/v2\/comments?post=1411"}],"version-history":[{"count":5,"href":"https:\/\/przedszkole121.edu.wroclaw.pl\/index.php\/wp-json\/wp\/v2\/posts\/1411\/revisions"}],"predecessor-version":[{"id":1419,"href":"https:\/\/przedszkole121.edu.wroclaw.pl\/index.php\/wp-json\/wp\/v2\/posts\/1411\/revisions\/1419"}],"wp:featuredmedia":[{"embeddable":true,"href":"https:\/\/przedszkole121.edu.wroclaw.pl\/index.php\/wp-json\/wp\/v2\/media\/1424"}],"wp:attachment":[{"href":"https:\/\/przedszkole121.edu.wroclaw.pl\/index.php\/wp-json\/wp\/v2\/media?parent=1411"}],"wp:term":[{"taxonomy":"category","embeddable":true,"href":"https:\/\/przedszkole121.edu.wroclaw.pl\/index.php\/wp-json\/wp\/v2\/categories?post=1411"},{"taxonomy":"post_tag","embeddable":true,"href":"https:\/\/przedszkole121.edu.wroclaw.pl\/index.php\/wp-json\/wp\/v2\/tags?post=1411"}],"curies":[{"name":"wp","href":"https:\/\/api.w.org\/{rel}","templated":true}]}}