
{"id":1413,"date":"2016-12-21T14:54:10","date_gmt":"2016-12-21T13:54:10","guid":{"rendered":"https:\/\/przedszkole121.edu.wroclaw.pl\/?p=1413"},"modified":"2016-12-21T14:56:50","modified_gmt":"2016-12-21T13:56:50","slug":"swiateczne-zyczenia","status":"publish","type":"post","link":"https:\/\/przedszkole121.edu.wroclaw.pl\/index.php\/2016\/12\/21\/swiateczne-zyczenia\/","title":{"rendered":"\u015awi\u0105teczne \u017cyczenia"},"content":{"rendered":"<p>                              Kochani\u2026<br \/>\n             S\u0142yszycie jak wiatr \u017cyczenia niesie?<br \/>\nHula po polach i szumi w lesie,<br \/>\nJak stuka w okna, wchodzi w kominy<br \/>\nI obserwuje dzieci\u0119ce miny?<br \/>\nJe\u015bli s\u0142yszycie &#8211; zamknijcie oczy,<br \/>\nNiech \u015bwiat z dzieci\u0144stwa<br \/>\n            zn\u00f3w w \u017cycie wkroczy.<\/p>\n<p>             Poczujcie makowca zapach wspania\u0142y.<br \/>\nZobaczcie za oknem, \u015bwiat ca\u0142y bia\u0142y.<br \/>\nJu\u017c karp si\u0119 sma\u017cy, kompot gotuje,<br \/>\nMr\u00f3z zn\u00f3w na szybach kwiaty maluje,<br \/>\nA Wy z radosn\u0105 z iskierk\u0105 w oku,<br \/>\nSzukacie Gwiazdora, czekacie do zmroku.<\/p>\n<p>     Teraz, cho\u0107 wiosen troch\u0119 przyby\u0142o,<br \/>\nTo wiatr ten sam, szumi nam mi\u0142o.<br \/>\nMy razem z wiatrem \u015blemy \u017cyczenia,<br \/>\nNiech Wam si\u0119 spe\u0142ni\u0105 wszelkie marzenia,<br \/>\nA pierwsza gwiazda \u015bwiec\u0105c o zmroku<br \/>\nNiesie Wam rado\u015b\u0107 w tym Nowym Roku.<br \/>\n                                Tego wszystkiego Wam i Waszym rodzinom \u017cycz\u0105 z ca\u0142ego serca<br \/>\n                            dyrekcja, grono pedagogiczne i ca\u0142y personel \u201eZielonego\u201d Przedszkola<\/p>\n","protected":false},"excerpt":{"rendered":"<p>Kochani\u2026 S\u0142yszycie jak wiatr \u017cyczenia niesie? Hula po polach i szumi w lesie, Jak stuka w okna, wchodzi w kominy I obserwuje dzieci\u0119ce miny? Je\u015bli s\u0142yszycie &#8211; zamknijcie oczy, Niech [&hellip;]<\/p>\n","protected":false},"author":22,"featured_media":1415,"comment_status":"open","ping_status":"open","sticky":false,"template":"","format":"standard","meta":{"ngg_post_thumbnail":0,"footnotes":""},"categories":[1],"tags":[],"class_list":["post-1413","post","type-post","status-publish","format-standard","has-post-thumbnail","hentry","category-aktualnosci","clearfix"],"_links":{"self":[{"href":"https:\/\/przedszkole121.edu.wroclaw.pl\/index.php\/wp-json\/wp\/v2\/posts\/1413","targetHints":{"allow":["GET"]}}],"collection":[{"href":"https:\/\/przedszkole121.edu.wroclaw.pl\/index.php\/wp-json\/wp\/v2\/posts"}],"about":[{"href":"https:\/\/przedszkole121.edu.wroclaw.pl\/index.php\/wp-json\/wp\/v2\/types\/post"}],"author":[{"embeddable":true,"href":"https:\/\/przedszkole121.edu.wroclaw.pl\/index.php\/wp-json\/wp\/v2\/users\/22"}],"replies":[{"embeddable":true,"href":"https:\/\/przedszkole121.edu.wroclaw.pl\/index.php\/wp-json\/wp\/v2\/comments?post=1413"}],"version-history":[{"count":1,"href":"https:\/\/przedszkole121.edu.wroclaw.pl\/index.php\/wp-json\/wp\/v2\/posts\/1413\/revisions"}],"predecessor-version":[{"id":1414,"href":"https:\/\/przedszkole121.edu.wroclaw.pl\/index.php\/wp-json\/wp\/v2\/posts\/1413\/revisions\/1414"}],"wp:featuredmedia":[{"embeddable":true,"href":"https:\/\/przedszkole121.edu.wroclaw.pl\/index.php\/wp-json\/wp\/v2\/media\/1415"}],"wp:attachment":[{"href":"https:\/\/przedszkole121.edu.wroclaw.pl\/index.php\/wp-json\/wp\/v2\/media?parent=1413"}],"wp:term":[{"taxonomy":"category","embeddable":true,"href":"https:\/\/przedszkole121.edu.wroclaw.pl\/index.php\/wp-json\/wp\/v2\/categories?post=1413"},{"taxonomy":"post_tag","embeddable":true,"href":"https:\/\/przedszkole121.edu.wroclaw.pl\/index.php\/wp-json\/wp\/v2\/tags?post=1413"}],"curies":[{"name":"wp","href":"https:\/\/api.w.org\/{rel}","templated":true}]}}