
{"id":1420,"date":"2016-12-22T11:37:00","date_gmt":"2016-12-22T10:37:00","guid":{"rendered":"https:\/\/przedszkole121.edu.wroclaw.pl\/?p=1420"},"modified":"2016-12-22T11:39:03","modified_gmt":"2016-12-22T10:39:03","slug":"wycieczka-sowek-do-milicza","status":"publish","type":"post","link":"https:\/\/przedszkole121.edu.wroclaw.pl\/index.php\/2016\/12\/22\/wycieczka-sowek-do-milicza\/","title":{"rendered":"Wycieczka &#8222;S\u00f3wek&#8221; do Milicza"},"content":{"rendered":"<p>\u201eS\u00f3wki\u201d wybra\u0142y si\u0119 na wycieczk\u0119 do Milicza, do Fabryki Bombe,k 14 grudnia. Wyjecha\u0142y skoro \u015bwit .Na miejscu powita\u0142y ich weso\u0142e elfy, kt\u00f3re przybli\u017cy\u0142y tradycj\u0119 ubierania choinki. Podczas specjalnych warsztat\u00f3w dzieci dekorowa\u0142y pierniki, pisa\u0142y listy do \u015bw.Miko\u0142aja, wrzuca\u0142y je do specjalnej miko\u0142ajkowej skrzynki pocztowej, a wcze\u015bniej na listach pojawi\u0142a si\u0119 piecz\u0119\u0107.   Na sto\u0142ach le\u017ca\u0142y wzory udekorowanych pierniczk\u00f3w, dzi\u0119ki kt\u00f3rym \u201eS\u00f3wki\u201d mog\u0142y si\u0119 zainspirowa\u0107 , mia\u0142y do dyspozycji s\u0142odkie, kolorowe  pisaki, dzi\u0119ki kt\u00f3rym na piernikach pojawi\u0142y si\u0119 ciekawe linie, figury, rysunki.Pierniczki wysz\u0142y przepi\u0119knie. Ciekaw\u0105 cz\u0119\u015bci\u0105 wycieczki by\u0142 pokaz wykonywania szklanych bombek. Po prostu magia! Przywie\u017ali\u015bmy do przedszkola swoje zam\u00f3wione bombki, ze swoim imieniem lub kogo\u015b bliskiego. Wycieczka bardzo ciekawa, warto je\u017adzi\u0107 w takie miejsca.   <\/p>\n","protected":false},"excerpt":{"rendered":"<p>\u201eS\u00f3wki\u201d wybra\u0142y si\u0119 na wycieczk\u0119 do Milicza, do Fabryki Bombe,k 14 grudnia. Wyjecha\u0142y skoro \u015bwit .Na miejscu powita\u0142y ich weso\u0142e elfy, kt\u00f3re przybli\u017cy\u0142y tradycj\u0119 ubierania choinki. Podczas specjalnych warsztat\u00f3w dzieci [&hellip;]<\/p>\n","protected":false},"author":22,"featured_media":1421,"comment_status":"open","ping_status":"open","sticky":false,"template":"","format":"standard","meta":{"ngg_post_thumbnail":0,"footnotes":""},"categories":[1],"tags":[],"class_list":["post-1420","post","type-post","status-publish","format-standard","has-post-thumbnail","hentry","category-aktualnosci","clearfix"],"_links":{"self":[{"href":"https:\/\/przedszkole121.edu.wroclaw.pl\/index.php\/wp-json\/wp\/v2\/posts\/1420","targetHints":{"allow":["GET"]}}],"collection":[{"href":"https:\/\/przedszkole121.edu.wroclaw.pl\/index.php\/wp-json\/wp\/v2\/posts"}],"about":[{"href":"https:\/\/przedszkole121.edu.wroclaw.pl\/index.php\/wp-json\/wp\/v2\/types\/post"}],"author":[{"embeddable":true,"href":"https:\/\/przedszkole121.edu.wroclaw.pl\/index.php\/wp-json\/wp\/v2\/users\/22"}],"replies":[{"embeddable":true,"href":"https:\/\/przedszkole121.edu.wroclaw.pl\/index.php\/wp-json\/wp\/v2\/comments?post=1420"}],"version-history":[{"count":2,"href":"https:\/\/przedszkole121.edu.wroclaw.pl\/index.php\/wp-json\/wp\/v2\/posts\/1420\/revisions"}],"predecessor-version":[{"id":1423,"href":"https:\/\/przedszkole121.edu.wroclaw.pl\/index.php\/wp-json\/wp\/v2\/posts\/1420\/revisions\/1423"}],"wp:featuredmedia":[{"embeddable":true,"href":"https:\/\/przedszkole121.edu.wroclaw.pl\/index.php\/wp-json\/wp\/v2\/media\/1421"}],"wp:attachment":[{"href":"https:\/\/przedszkole121.edu.wroclaw.pl\/index.php\/wp-json\/wp\/v2\/media?parent=1420"}],"wp:term":[{"taxonomy":"category","embeddable":true,"href":"https:\/\/przedszkole121.edu.wroclaw.pl\/index.php\/wp-json\/wp\/v2\/categories?post=1420"},{"taxonomy":"post_tag","embeddable":true,"href":"https:\/\/przedszkole121.edu.wroclaw.pl\/index.php\/wp-json\/wp\/v2\/tags?post=1420"}],"curies":[{"name":"wp","href":"https:\/\/api.w.org\/{rel}","templated":true}]}}