
{"id":1488,"date":"2017-01-20T12:11:58","date_gmt":"2017-01-20T11:11:58","guid":{"rendered":"https:\/\/przedszkole121.edu.wroclaw.pl\/?p=1488"},"modified":"2017-01-20T12:16:45","modified_gmt":"2017-01-20T11:16:45","slug":"monitorowanie-jakosci-powietrza-we-wroclawiu-i-nasze-dzialania-z-tym-tematem-zwiazane","status":"publish","type":"post","link":"https:\/\/przedszkole121.edu.wroclaw.pl\/index.php\/2017\/01\/20\/monitorowanie-jakosci-powietrza-we-wroclawiu-i-nasze-dzialania-z-tym-tematem-zwiazane\/","title":{"rendered":"Monitorowanie jako\u015bci powietrza we Wroc\u0142awiu i nasze dzia\u0142ania z tym tematem zwi\u0105zane"},"content":{"rendered":"<p>We Wroc\u0142awiu mamy pi\u0119\u0107 stacji monitoruj\u0105cych powietrze, min. mieszcz\u0105 si\u0119 one  przy ulicach: Korzeniowskiego i  Wi\u015bniowej. Strona, kt\u00f3r\u0105 codziennie b\u0119dziemy sprawdza\u0107  ( oko\u0142o godziny 930 )i decydowa\u0107 czy dzieci b\u0119d\u0105 wychodzi\u0107 na podw\u00f3rko czy nie to: http:\/\/www.wroclaw.pl\/srodowisko\/jak-odczytywac-monitoring-powietrza . W holu wej\u015bciowym , na szafce szatniowej grupy    \u201e S\u00f3wek\u201d jest przygotowana informacja, dzi\u0119ki kt\u00f3rej Pa\u0144stwo odbieraj\u0105c dzieci b\u0119dziecie mogli dowiedzie\u0107 si\u0119 jaki poziom jako\u015bci powietrza by\u0142 w dniu dzisiejszym. Dzieci tak\u017ce b\u0119d\u0105 sprawdza\u0107 t\u0119 informacj\u0119 i b\u0119d\u0105 wiedzia\u0142y z jakiego powodu dzi\u015b nie wyjd\u0105 na podw\u00f3rko lub b\u0119d\u0105 si\u0119 mog\u0142y bawi\u0107 si\u0119 na nim d\u0142ugo.  Z dzie\u0107mi nie wychodzimy, kiedy wyniki  pomiar\u00f3w pokazuj\u0105 poziom- z\u0142y i bardzo z\u0142y( kolor czerwony i br\u0105zowy). Oczywi\u015bcie \u017cyczymy sobie wszyscy, aby dzieci mog\u0142y jak najcz\u0119\u015bciej i najd\u0142u\u017cej tak\u017ce w okresie grzewczym przebywa\u0107 na podw\u00f3rku przedszkolnym i wychodzi\u0107 na spacery i wycieczki.<br \/>\nDo interpretacji aktualnej jako\u015bci powietrza wykorzystuje si\u0119 tzw. indeks jako\u015bci powietrza. Polski indeks jako\u015bci powietrza wyliczany jest z odpowiedniego algorytmu na podstawie wynik\u00f3w pomiar\u00f3w z ostatnich godzin ze stanowisk automatycznych i pozwala na sklasyfikowanie stanu jako\u015bci powierza w 6-stopniowej skali.<\/p>\n<p>Zjawisko smogu powstaje  przy wzmo\u017conej emisji zanieczyszcze\u0144 (np. wskutek spalania paliw do cel\u00f3w grzewczych w miesi\u0105cach jesienno-zimowych) i przy okre\u015blonych warunkach atmosferycznych \u2013 przede wszystkim braku wiatru i wyst\u0119powaniu inwersji termicznej. W normalnych warunkach powietrze najbli\u017cej ziemi jest najcieplejsze, a im wy\u017cej tym ch\u0142odniejsze. Zanieczyszczenia unosz\u0105 si\u0119 wraz z powietrzem. W przypadku inwersji sytuacja jest odwrotna. Im wy\u017cej nad powierzchni\u0105 ziemi, tym cieplej, co utrudnia unoszenie zanieczyszcze\u0144 si\u0119 i powoduje kumulowanie si\u0119 ich w przygruntowej warstwie atmosfery.<\/p>\n","protected":false},"excerpt":{"rendered":"<p>We Wroc\u0142awiu mamy pi\u0119\u0107 stacji monitoruj\u0105cych powietrze, min. mieszcz\u0105 si\u0119 one przy ulicach: Korzeniowskiego i Wi\u015bniowej. Strona, kt\u00f3r\u0105 codziennie b\u0119dziemy sprawdza\u0107 ( oko\u0142o godziny 930 )i decydowa\u0107 czy dzieci b\u0119d\u0105 [&hellip;]<\/p>\n","protected":false},"author":22,"featured_media":1489,"comment_status":"open","ping_status":"open","sticky":false,"template":"","format":"standard","meta":{"ngg_post_thumbnail":0,"footnotes":""},"categories":[1],"tags":[],"class_list":["post-1488","post","type-post","status-publish","format-standard","has-post-thumbnail","hentry","category-aktualnosci","clearfix"],"_links":{"self":[{"href":"https:\/\/przedszkole121.edu.wroclaw.pl\/index.php\/wp-json\/wp\/v2\/posts\/1488","targetHints":{"allow":["GET"]}}],"collection":[{"href":"https:\/\/przedszkole121.edu.wroclaw.pl\/index.php\/wp-json\/wp\/v2\/posts"}],"about":[{"href":"https:\/\/przedszkole121.edu.wroclaw.pl\/index.php\/wp-json\/wp\/v2\/types\/post"}],"author":[{"embeddable":true,"href":"https:\/\/przedszkole121.edu.wroclaw.pl\/index.php\/wp-json\/wp\/v2\/users\/22"}],"replies":[{"embeddable":true,"href":"https:\/\/przedszkole121.edu.wroclaw.pl\/index.php\/wp-json\/wp\/v2\/comments?post=1488"}],"version-history":[{"count":1,"href":"https:\/\/przedszkole121.edu.wroclaw.pl\/index.php\/wp-json\/wp\/v2\/posts\/1488\/revisions"}],"predecessor-version":[{"id":1491,"href":"https:\/\/przedszkole121.edu.wroclaw.pl\/index.php\/wp-json\/wp\/v2\/posts\/1488\/revisions\/1491"}],"wp:featuredmedia":[{"embeddable":true,"href":"https:\/\/przedszkole121.edu.wroclaw.pl\/index.php\/wp-json\/wp\/v2\/media\/1489"}],"wp:attachment":[{"href":"https:\/\/przedszkole121.edu.wroclaw.pl\/index.php\/wp-json\/wp\/v2\/media?parent=1488"}],"wp:term":[{"taxonomy":"category","embeddable":true,"href":"https:\/\/przedszkole121.edu.wroclaw.pl\/index.php\/wp-json\/wp\/v2\/categories?post=1488"},{"taxonomy":"post_tag","embeddable":true,"href":"https:\/\/przedszkole121.edu.wroclaw.pl\/index.php\/wp-json\/wp\/v2\/tags?post=1488"}],"curies":[{"name":"wp","href":"https:\/\/api.w.org\/{rel}","templated":true}]}}