
{"id":1502,"date":"2017-01-24T19:38:53","date_gmt":"2017-01-24T18:38:53","guid":{"rendered":"https:\/\/przedszkole121.edu.wroclaw.pl\/?p=1502"},"modified":"2017-01-24T19:44:30","modified_gmt":"2017-01-24T18:44:30","slug":"zmiana-oplat-za-pobyt-w-przedszkolu-dla-dzieci-z-rocznika-2010-i-2011","status":"publish","type":"post","link":"https:\/\/przedszkole121.edu.wroclaw.pl\/index.php\/2017\/01\/24\/zmiana-oplat-za-pobyt-w-przedszkolu-dla-dzieci-z-rocznika-2010-i-2011\/","title":{"rendered":"Zmiana op\u0142at za pobyt w przedszkolu dla dzieci z rocznika 2010 i 2011"},"content":{"rendered":"<p style=\"text-align: center\"><span style=\"color: #008000\">Zmiany w op\u0142atach dla dzieci 6-7 letnich od 1.01.2017<\/span><br \/>\n<span style=\"color: #008000\"> UWAGA RODZICE DZIECI 6 i 7 LETNICH!<\/span><\/p>\n<p>W zwi\u0105zku z Ustaw\u0105 z dnia 1.12.2016 o zmianie ustawy o dochodach jednostek samorz\u0105du terytorialnego i niekt\u00f3rych innych ustaw (Dz.U. z 2016, poz.1985) od dnia 1 stycznia 2017<span style=\"color: #ff0000\"> nie pobiera si\u0119 op\u0142aty<\/span> za korzystanie z wychowania przedszkolnego od rodzic\u00f3w dzieci, kt\u00f3re uko\u0144czy\u0142y 6 lat.<\/p>\n<p style=\"text-align: center\"><span style=\"color: #008000\">Zmiana dotyczy tylko dzieci urodzonych<\/span><br \/>\n<span style=\"color: #008000\"> w latach 2010 i 2011(czyli nasze grupy: \u201eS\u00f3wki\u201d , \u201eSkowronki\u201d i \u201eJask\u00f3\u0142ki\u201d) pozosta\u0142e roczniki pozostaj\u0105 bez zmian<\/span><\/p>\n<p>Od rodzic\u00f3w dzieci urodzonych w roku 2011 zaprzestaniemy pobierania op\u0142aty za korzystanie z wychowania przedszkolnego w nast\u0119pnym dniu po dniu urodzin dziecka.<\/p>\n<p><span style=\"color: #0000ff\"><em>przyk\u0142ad<\/em><\/span>: Pa\u0144stwa dziecko urodzi\u0142o si\u0119 3 stycznia 2011, wobec powy\u017cszego od dnia 4 stycznia 2017 nie b\u0119d\u0105 ponosi\u0107 Pa\u0144stwo op\u0142aty za korzystanie z wychowania przedszkolnego,<br \/>\n<em><span style=\"color: #0000ff\">drugi przyk\u0142ad:<\/span><\/em> dziecko urodzi\u0142o si\u0119 15 listopada 2011, op\u0142at za pobyt dziecka w przedszkolu nie b\u0119dziemy pobiera\u0107 od 16 listopada (mimo, \u017ce dziecko b\u0119dzie faktycznie ju\u017c od \u201ezer\u00f3wce\u201d).<br \/>\n<span style=\"color: #ff0000\">Dzieci urodzone w roku 2010, czyli ca\u0142a grupa \u201eS\u00f3wek\u201d od 1 stycznia p\u0142aci\u0107 b\u0119dzie tylko za wy\u017cywienie.<\/span><\/p>\n<p>Stawka \u017cywieniowa nie ulega zmianie i wynosi w dalszym ci\u0105gu 7,40 z\u0142 za ka\u017cdy dzie\u0144 korzystania z wy\u017cywienia (3 posi\u0142ki).<\/p>\n<p>W zwi\u0105zku ze zmian\u0105, zaistnia\u0142a konieczno\u015b\u0107 podpisania przez Pa\u0144stwa aneks\u00f3w do \u0142\u0105cz\u0105cych nas &#8222;Um\u00f3w o \u015bwiadczenie us\u0142ug.&#8221;<\/p>\n<p>Aneksy zosta\u0142y przygotowane dla Pa\u0144stwa w 2 egzemplarzach.<br \/>\nMo\u017cna je odbiera\u0107 u nauczycieli w grupach: \u201eS\u00f3wek\u201d, \u201eJask\u00f3\u0142ek\u201d i \u201eSkowronk\u00f3w\u201d<\/p>\n<p style=\"text-align: right\">Prosimy o uzupe\u0142nienie danych osobowych (imi\u0119 i nazwisko jednego z rodzic\u00f3w) w aneksach oraz podpisanie obu egzemplarzy i przekazanie ich dyrektorowi plac\u00f3wki.<br \/>\n<span style=\"color: #339966\">Dzi\u0119kujemy<\/span><\/p>\n","protected":false},"excerpt":{"rendered":"<p>Zmiany w op\u0142atach dla dzieci 6-7 letnich od 1.01.2017 UWAGA RODZICE DZIECI 6 i 7 LETNICH! W zwi\u0105zku z Ustaw\u0105 z dnia 1.12.2016 o zmianie ustawy o dochodach jednostek samorz\u0105du [&hellip;]<\/p>\n","protected":false},"author":22,"featured_media":1504,"comment_status":"open","ping_status":"open","sticky":false,"template":"","format":"standard","meta":{"ngg_post_thumbnail":0,"footnotes":""},"categories":[1],"tags":[],"class_list":["post-1502","post","type-post","status-publish","format-standard","has-post-thumbnail","hentry","category-aktualnosci","clearfix"],"_links":{"self":[{"href":"https:\/\/przedszkole121.edu.wroclaw.pl\/index.php\/wp-json\/wp\/v2\/posts\/1502","targetHints":{"allow":["GET"]}}],"collection":[{"href":"https:\/\/przedszkole121.edu.wroclaw.pl\/index.php\/wp-json\/wp\/v2\/posts"}],"about":[{"href":"https:\/\/przedszkole121.edu.wroclaw.pl\/index.php\/wp-json\/wp\/v2\/types\/post"}],"author":[{"embeddable":true,"href":"https:\/\/przedszkole121.edu.wroclaw.pl\/index.php\/wp-json\/wp\/v2\/users\/22"}],"replies":[{"embeddable":true,"href":"https:\/\/przedszkole121.edu.wroclaw.pl\/index.php\/wp-json\/wp\/v2\/comments?post=1502"}],"version-history":[{"count":1,"href":"https:\/\/przedszkole121.edu.wroclaw.pl\/index.php\/wp-json\/wp\/v2\/posts\/1502\/revisions"}],"predecessor-version":[{"id":1503,"href":"https:\/\/przedszkole121.edu.wroclaw.pl\/index.php\/wp-json\/wp\/v2\/posts\/1502\/revisions\/1503"}],"wp:featuredmedia":[{"embeddable":true,"href":"https:\/\/przedszkole121.edu.wroclaw.pl\/index.php\/wp-json\/wp\/v2\/media\/1504"}],"wp:attachment":[{"href":"https:\/\/przedszkole121.edu.wroclaw.pl\/index.php\/wp-json\/wp\/v2\/media?parent=1502"}],"wp:term":[{"taxonomy":"category","embeddable":true,"href":"https:\/\/przedszkole121.edu.wroclaw.pl\/index.php\/wp-json\/wp\/v2\/categories?post=1502"},{"taxonomy":"post_tag","embeddable":true,"href":"https:\/\/przedszkole121.edu.wroclaw.pl\/index.php\/wp-json\/wp\/v2\/tags?post=1502"}],"curies":[{"name":"wp","href":"https:\/\/api.w.org\/{rel}","templated":true}]}}