
{"id":1505,"date":"2017-01-30T00:12:01","date_gmt":"2017-01-29T23:12:01","guid":{"rendered":"https:\/\/przedszkole121.edu.wroclaw.pl\/?p=1505"},"modified":"2017-01-30T00:18:33","modified_gmt":"2017-01-29T23:18:33","slug":"w-karnawale-tylko-bale","status":"publish","type":"post","link":"https:\/\/przedszkole121.edu.wroclaw.pl\/index.php\/2017\/01\/30\/w-karnawale-tylko-bale\/","title":{"rendered":"W karnawale&#8230; tylko bale!"},"content":{"rendered":"<p>W karnawale\u2026 tylko bale!<\/p>\n<p>W naszym przedszkolu taki bal odby\u0142 si\u0119 23 stycznia 2017 roku.<\/p>\n<p>W tanecznych korowodach przedszkolaki z dum\u0105 prezentowa\u0142y swoje stroje. Ksi\u0119\u017cniczki i wr\u00f3\u017cki, zebra, motyle i nurek nie ust\u0119powa\u0142y miejsca rycerzom, policjantom i Spidermanom i astronautom. Ale gdy tylko sal\u0119 taneczn\u0105 wype\u0142ni\u0142y mieni\u0105ce si\u0119 w \u015bwietle ba\u0144ki mydlane oraz d\u017awi\u0119ki piosenki \u201eMisie dwa\u201d wszelkie figle straci\u0142y sens, a \u00a0s\u0142owa \u201e\u2026<em>I kochaj\u0105 si\u0119 te misie, przytulaj\u0105 swoje pysie\u2026\u201d <\/em>wytworzy\u0142y atmosfer\u0119 wielkiej szcz\u0119\u015bliwo\u015bci i wzajemnej \u017cyczliwo\u015bci. Czeg\u00f3\u017c chcie\u0107 wi\u0119cej? Fajne s\u0105 takie bale!!!<\/p>\n","protected":false},"excerpt":{"rendered":"<p>W karnawale\u2026 tylko bale! W naszym przedszkolu taki bal odby\u0142 si\u0119 23 stycznia 2017 roku. W tanecznych korowodach przedszkolaki z dum\u0105 prezentowa\u0142y swoje stroje. Ksi\u0119\u017cniczki i wr\u00f3\u017cki, zebra, motyle i [&hellip;]<\/p>\n","protected":false},"author":22,"featured_media":1509,"comment_status":"open","ping_status":"open","sticky":false,"template":"","format":"standard","meta":{"ngg_post_thumbnail":0,"footnotes":""},"categories":[1],"tags":[],"class_list":["post-1505","post","type-post","status-publish","format-standard","has-post-thumbnail","hentry","category-aktualnosci","clearfix"],"_links":{"self":[{"href":"https:\/\/przedszkole121.edu.wroclaw.pl\/index.php\/wp-json\/wp\/v2\/posts\/1505","targetHints":{"allow":["GET"]}}],"collection":[{"href":"https:\/\/przedszkole121.edu.wroclaw.pl\/index.php\/wp-json\/wp\/v2\/posts"}],"about":[{"href":"https:\/\/przedszkole121.edu.wroclaw.pl\/index.php\/wp-json\/wp\/v2\/types\/post"}],"author":[{"embeddable":true,"href":"https:\/\/przedszkole121.edu.wroclaw.pl\/index.php\/wp-json\/wp\/v2\/users\/22"}],"replies":[{"embeddable":true,"href":"https:\/\/przedszkole121.edu.wroclaw.pl\/index.php\/wp-json\/wp\/v2\/comments?post=1505"}],"version-history":[{"count":1,"href":"https:\/\/przedszkole121.edu.wroclaw.pl\/index.php\/wp-json\/wp\/v2\/posts\/1505\/revisions"}],"predecessor-version":[{"id":1507,"href":"https:\/\/przedszkole121.edu.wroclaw.pl\/index.php\/wp-json\/wp\/v2\/posts\/1505\/revisions\/1507"}],"wp:featuredmedia":[{"embeddable":true,"href":"https:\/\/przedszkole121.edu.wroclaw.pl\/index.php\/wp-json\/wp\/v2\/media\/1509"}],"wp:attachment":[{"href":"https:\/\/przedszkole121.edu.wroclaw.pl\/index.php\/wp-json\/wp\/v2\/media?parent=1505"}],"wp:term":[{"taxonomy":"category","embeddable":true,"href":"https:\/\/przedszkole121.edu.wroclaw.pl\/index.php\/wp-json\/wp\/v2\/categories?post=1505"},{"taxonomy":"post_tag","embeddable":true,"href":"https:\/\/przedszkole121.edu.wroclaw.pl\/index.php\/wp-json\/wp\/v2\/tags?post=1505"}],"curies":[{"name":"wp","href":"https:\/\/api.w.org\/{rel}","templated":true}]}}