
{"id":1510,"date":"2017-01-30T11:37:43","date_gmt":"2017-01-30T10:37:43","guid":{"rendered":"https:\/\/przedszkole121.edu.wroclaw.pl\/?p=1510"},"modified":"2017-01-30T11:37:50","modified_gmt":"2017-01-30T10:37:50","slug":"dzien-babci-i-dziadka","status":"publish","type":"post","link":"https:\/\/przedszkole121.edu.wroclaw.pl\/index.php\/2017\/01\/30\/dzien-babci-i-dziadka\/","title":{"rendered":"Dzie\u0144 Babci i Dziadka"},"content":{"rendered":"<p>Dzie\u0144 Babci i Dziadka to \u015bwi\u0119to bardzo wa\u017cne  w kalendarzu imprez naszego przedszkola i nie tylko dlatego , \u017ce to \u015bwi\u0119to szczeg\u00f3lne , ale r\u00f3wnie\u017c dlatego , \u017ce przyje\u017cd\u017caj\u0105 nieraz do nas Dziadkowie z bardzo daleka i tylko z tej okazji mo\u017cemy si\u0119  spotka\u0107 w naszym przedszkolu.<br \/>\nI cho\u0107 za oknem, mro\u017ano, to  w serduszkach naszych przedszkolak\u00f3w bardzo gor\u0105co,<br \/>\nMimo niskiej temperatury jest to jednak najcieplejszy dzie\u0144 w roku, kt\u00f3ry sprawia wszystkim ogromn\u0105 rado\u015b\u0107 i wywo\u0142uje u\u015bmiechy na  twarzach ka\u017cdego ( i ma\u0142ego i du\u017cego).<br \/>\nTak te\u017c by\u0142o i u nas . W tym roku po raz pierwszy tak zorganizowali\u015bmy \u201e\u015bwi\u0119towanie\u201d , \u017ce w ka\u017cdym kolejnym dniu tygodnia ka\u017cda kolejna grupa go\u015bci\u0142a swoich dziadk\u00f3w.<br \/>\nDzieci  przedstawi\u0142y program artystyczny , w kt\u00f3rym zaprezentowa\u0142y  swoje umiej\u0119tno\u015bci muzyczne, ruchowe oraz recytatorskie , i wr\u0119czy\u0142y samodzielnie przygotowane podarunki.<br \/>\nWszyscy go\u015bcie zostali zaproszeni na s\u0142odki pocz\u0119stunek przygotowany przez nasze \u201eniezawodne\u201d i wspania\u0142e mamy.  Ka\u017cdy wnuczek  m\u00f3g\u0142 posiedzie\u0107 na kolanach swojego dziadka lub babci, pokaza\u0107 ulubione zabawki, czy prace plastyczne.<br \/>\nTo by\u0142o bardzo mi\u0142e i ciep\u0142e styczniowe popo\u0142udnie , pe\u0142ne wzrusze\u0144 i pozytywnych buduj\u0105cych emocji.<\/p>\n","protected":false},"excerpt":{"rendered":"<p>Dzie\u0144 Babci i Dziadka to \u015bwi\u0119to bardzo wa\u017cne w kalendarzu imprez naszego przedszkola i nie tylko dlatego , \u017ce to \u015bwi\u0119to szczeg\u00f3lne , ale r\u00f3wnie\u017c dlatego , \u017ce przyje\u017cd\u017caj\u0105 nieraz [&hellip;]<\/p>\n","protected":false},"author":22,"featured_media":1511,"comment_status":"open","ping_status":"open","sticky":false,"template":"","format":"standard","meta":{"ngg_post_thumbnail":0,"footnotes":""},"categories":[1],"tags":[],"class_list":["post-1510","post","type-post","status-publish","format-standard","has-post-thumbnail","hentry","category-aktualnosci","clearfix"],"_links":{"self":[{"href":"https:\/\/przedszkole121.edu.wroclaw.pl\/index.php\/wp-json\/wp\/v2\/posts\/1510","targetHints":{"allow":["GET"]}}],"collection":[{"href":"https:\/\/przedszkole121.edu.wroclaw.pl\/index.php\/wp-json\/wp\/v2\/posts"}],"about":[{"href":"https:\/\/przedszkole121.edu.wroclaw.pl\/index.php\/wp-json\/wp\/v2\/types\/post"}],"author":[{"embeddable":true,"href":"https:\/\/przedszkole121.edu.wroclaw.pl\/index.php\/wp-json\/wp\/v2\/users\/22"}],"replies":[{"embeddable":true,"href":"https:\/\/przedszkole121.edu.wroclaw.pl\/index.php\/wp-json\/wp\/v2\/comments?post=1510"}],"version-history":[{"count":1,"href":"https:\/\/przedszkole121.edu.wroclaw.pl\/index.php\/wp-json\/wp\/v2\/posts\/1510\/revisions"}],"predecessor-version":[{"id":1512,"href":"https:\/\/przedszkole121.edu.wroclaw.pl\/index.php\/wp-json\/wp\/v2\/posts\/1510\/revisions\/1512"}],"wp:featuredmedia":[{"embeddable":true,"href":"https:\/\/przedszkole121.edu.wroclaw.pl\/index.php\/wp-json\/wp\/v2\/media\/1511"}],"wp:attachment":[{"href":"https:\/\/przedszkole121.edu.wroclaw.pl\/index.php\/wp-json\/wp\/v2\/media?parent=1510"}],"wp:term":[{"taxonomy":"category","embeddable":true,"href":"https:\/\/przedszkole121.edu.wroclaw.pl\/index.php\/wp-json\/wp\/v2\/categories?post=1510"},{"taxonomy":"post_tag","embeddable":true,"href":"https:\/\/przedszkole121.edu.wroclaw.pl\/index.php\/wp-json\/wp\/v2\/tags?post=1510"}],"curies":[{"name":"wp","href":"https:\/\/api.w.org\/{rel}","templated":true}]}}