
{"id":1529,"date":"2017-02-08T12:03:23","date_gmt":"2017-02-08T11:03:23","guid":{"rendered":"https:\/\/przedszkole121.edu.wroclaw.pl\/?p=1529"},"modified":"2017-02-09T21:34:24","modified_gmt":"2017-02-09T20:34:24","slug":"mini-ratownik-warsztaty-dla-dzieci","status":"publish","type":"post","link":"https:\/\/przedszkole121.edu.wroclaw.pl\/index.php\/2017\/02\/08\/mini-ratownik-warsztaty-dla-dzieci\/","title":{"rendered":"Mini Ratownik-warsztaty dla dzieci"},"content":{"rendered":"<p> \u201eMini Ratownik\u201d<\/p>\n<p>W dniu 31 stycznia 2017 r. odby\u0142y si\u0119 w naszym przedszkolu zaj\u0119cia z udzielania pierwszej pomocy pt. \u201eMini Ratownik\u201d. Warsztaty dla czterech grup: \u201eKaczuszek\u201d, \u201eSkowronk\u00f3w\u201d, \u201eJask\u00f3\u0142ek\u201d oraz \u201eS\u00f3wek\u201d poprowadzi\u0142a funkcjonariuszka Stra\u017cy Miejskiej.<br \/>\nPodczas zaj\u0119\u0107 dzieci dowiedzia\u0142y si\u0119 jak w razie potrzeby umiej\u0119tnie wezwa\u0107 pomoc: wybra\u0107 w\u0142a\u015bciwy numer, przedstawi\u0107 si\u0119, powiedzie\u0107, co si\u0119 sta\u0142o i gdzie.<br \/>\nPrzypomnia\u0142y sobie numery alarmowe do poszczeg\u00f3lnych s\u0142u\u017cb oraz co najwa\u017cniejsze nauczy\u0142y si\u0119 jak reagowa\u0107, gdy kto\u015b potrzebuje pomocy.<br \/>\n Najwi\u0119kszym zainteresowaniem podczas zaj\u0119\u0107 cieszy\u0142a si\u0119 cz\u0119\u015b\u0107 praktyczna, podczas kt\u00f3rej nasze przedszkolaki  zapozna\u0142y si\u0119 z zasadami dzia\u0142ania defibrylatora AED, dowiedzia\u0142y si\u0119, gdzie to urz\u0105dzenie jest dost\u0119pne oraz mog\u0142y  na specjalnych fantomach samodzielnie prze\u0107wiczy\u0107 resuscytacj\u0119.<br \/>\nMamy nadziej\u0119 ,\u017ce przeprowadzone warsztaty pomog\u0142y zrozumie\u0107 najm\u0142odszym , jak wa\u017cna jest pomoc drugiej osobie, niezale\u017cnie od wzrostu i wieku ,bo przecie\u017c nawet ma\u0142y cz\u0142owiek  mo\u017ce uratowa\u0107 komu\u015b \u017cycie \u2013 czasem wystarczy , \u017ce b\u0119dzie wiedzia\u0142 jak sprowadzi\u0107 pomoc.<\/p>\n","protected":false},"excerpt":{"rendered":"<p>\u201eMini Ratownik\u201d W dniu 31 stycznia 2017 r. odby\u0142y si\u0119 w naszym przedszkolu zaj\u0119cia z udzielania pierwszej pomocy pt. \u201eMini Ratownik\u201d. Warsztaty dla czterech grup: \u201eKaczuszek\u201d, \u201eSkowronk\u00f3w\u201d, \u201eJask\u00f3\u0142ek\u201d oraz \u201eS\u00f3wek\u201d [&hellip;]<\/p>\n","protected":false},"author":22,"featured_media":1537,"comment_status":"open","ping_status":"open","sticky":false,"template":"","format":"standard","meta":{"ngg_post_thumbnail":0,"footnotes":""},"categories":[1],"tags":[],"class_list":["post-1529","post","type-post","status-publish","format-standard","has-post-thumbnail","hentry","category-aktualnosci","clearfix"],"_links":{"self":[{"href":"https:\/\/przedszkole121.edu.wroclaw.pl\/index.php\/wp-json\/wp\/v2\/posts\/1529","targetHints":{"allow":["GET"]}}],"collection":[{"href":"https:\/\/przedszkole121.edu.wroclaw.pl\/index.php\/wp-json\/wp\/v2\/posts"}],"about":[{"href":"https:\/\/przedszkole121.edu.wroclaw.pl\/index.php\/wp-json\/wp\/v2\/types\/post"}],"author":[{"embeddable":true,"href":"https:\/\/przedszkole121.edu.wroclaw.pl\/index.php\/wp-json\/wp\/v2\/users\/22"}],"replies":[{"embeddable":true,"href":"https:\/\/przedszkole121.edu.wroclaw.pl\/index.php\/wp-json\/wp\/v2\/comments?post=1529"}],"version-history":[{"count":2,"href":"https:\/\/przedszkole121.edu.wroclaw.pl\/index.php\/wp-json\/wp\/v2\/posts\/1529\/revisions"}],"predecessor-version":[{"id":1547,"href":"https:\/\/przedszkole121.edu.wroclaw.pl\/index.php\/wp-json\/wp\/v2\/posts\/1529\/revisions\/1547"}],"wp:featuredmedia":[{"embeddable":true,"href":"https:\/\/przedszkole121.edu.wroclaw.pl\/index.php\/wp-json\/wp\/v2\/media\/1537"}],"wp:attachment":[{"href":"https:\/\/przedszkole121.edu.wroclaw.pl\/index.php\/wp-json\/wp\/v2\/media?parent=1529"}],"wp:term":[{"taxonomy":"category","embeddable":true,"href":"https:\/\/przedszkole121.edu.wroclaw.pl\/index.php\/wp-json\/wp\/v2\/categories?post=1529"},{"taxonomy":"post_tag","embeddable":true,"href":"https:\/\/przedszkole121.edu.wroclaw.pl\/index.php\/wp-json\/wp\/v2\/tags?post=1529"}],"curies":[{"name":"wp","href":"https:\/\/api.w.org\/{rel}","templated":true}]}}