
{"id":1540,"date":"2017-02-09T21:10:12","date_gmt":"2017-02-09T20:10:12","guid":{"rendered":"https:\/\/przedszkole121.edu.wroclaw.pl\/?p=1540"},"modified":"2017-02-09T21:10:12","modified_gmt":"2017-02-09T20:10:12","slug":"sowki-uczestniczyly-w-konkursie-czytelniczym","status":"publish","type":"post","link":"https:\/\/przedszkole121.edu.wroclaw.pl\/index.php\/2017\/02\/09\/sowki-uczestniczyly-w-konkursie-czytelniczym\/","title":{"rendered":"&#8222;S\u00f3wki&#8221; uczestniczy\u0142y w konkursie czytelniczym."},"content":{"rendered":"<p>31.01 reprezentacja grupy &#8222;S\u00f3wek&#8221; wybra\u0142a si\u0119 do Przedszkola nr 48 na ul. Bartla 3, aby wzi\u0105\u0107 udzia\u0142 w Mi\u0119dzyprzedszkolnym Konkursie Czytelniczym o tematyce prozdrowotnej \u201eTomek i przyjaciele dbaj\u0105 o \u015brodowisko\u201d. W trakcie konkursu sprawdzana by\u0142a znajomo\u015b\u0107 opowiadania \u201eTomek i przyjaciele\u201d. Dzieci tworzy\u0142y rymy, na\u015bladowa\u0142y odg\u0142osy poci\u0105g\u00f3w, rysowa\u0142y ulubionego bohatera ksi\u0105\u017cki i wraz z kole\u017cankami i kolegami z innych przedszkoli zastanawia\u0142y si\u0119 r\u00f3wnie\u017c jak dba\u0107 o \u015brodowisko, w kt\u00f3rym \u017cyjemy. W konkursie wszyscy byli zwyci\u0119zcami \ud83d\ude42 Ka\u017cda dru\u017cyna otrzyma\u0142a dyplom i prezenty.<\/p>\n","protected":false},"excerpt":{"rendered":"<p>31.01 reprezentacja grupy &#8222;S\u00f3wek&#8221; wybra\u0142a si\u0119 do Przedszkola nr 48 na ul. Bartla 3, aby wzi\u0105\u0107 udzia\u0142 w Mi\u0119dzyprzedszkolnym Konkursie Czytelniczym o tematyce prozdrowotnej \u201eTomek i przyjaciele dbaj\u0105 o \u015brodowisko\u201d. [&hellip;]<\/p>\n","protected":false},"author":22,"featured_media":1541,"comment_status":"open","ping_status":"open","sticky":false,"template":"","format":"standard","meta":{"ngg_post_thumbnail":0,"footnotes":""},"categories":[1],"tags":[],"class_list":["post-1540","post","type-post","status-publish","format-standard","has-post-thumbnail","hentry","category-aktualnosci","clearfix"],"_links":{"self":[{"href":"https:\/\/przedszkole121.edu.wroclaw.pl\/index.php\/wp-json\/wp\/v2\/posts\/1540","targetHints":{"allow":["GET"]}}],"collection":[{"href":"https:\/\/przedszkole121.edu.wroclaw.pl\/index.php\/wp-json\/wp\/v2\/posts"}],"about":[{"href":"https:\/\/przedszkole121.edu.wroclaw.pl\/index.php\/wp-json\/wp\/v2\/types\/post"}],"author":[{"embeddable":true,"href":"https:\/\/przedszkole121.edu.wroclaw.pl\/index.php\/wp-json\/wp\/v2\/users\/22"}],"replies":[{"embeddable":true,"href":"https:\/\/przedszkole121.edu.wroclaw.pl\/index.php\/wp-json\/wp\/v2\/comments?post=1540"}],"version-history":[{"count":1,"href":"https:\/\/przedszkole121.edu.wroclaw.pl\/index.php\/wp-json\/wp\/v2\/posts\/1540\/revisions"}],"predecessor-version":[{"id":1542,"href":"https:\/\/przedszkole121.edu.wroclaw.pl\/index.php\/wp-json\/wp\/v2\/posts\/1540\/revisions\/1542"}],"wp:featuredmedia":[{"embeddable":true,"href":"https:\/\/przedszkole121.edu.wroclaw.pl\/index.php\/wp-json\/wp\/v2\/media\/1541"}],"wp:attachment":[{"href":"https:\/\/przedszkole121.edu.wroclaw.pl\/index.php\/wp-json\/wp\/v2\/media?parent=1540"}],"wp:term":[{"taxonomy":"category","embeddable":true,"href":"https:\/\/przedszkole121.edu.wroclaw.pl\/index.php\/wp-json\/wp\/v2\/categories?post=1540"},{"taxonomy":"post_tag","embeddable":true,"href":"https:\/\/przedszkole121.edu.wroclaw.pl\/index.php\/wp-json\/wp\/v2\/tags?post=1540"}],"curies":[{"name":"wp","href":"https:\/\/api.w.org\/{rel}","templated":true}]}}