
{"id":1658,"date":"2017-03-13T23:27:00","date_gmt":"2017-03-13T22:27:00","guid":{"rendered":"https:\/\/przedszkole121.edu.wroclaw.pl\/?p=1658"},"modified":"2017-03-13T23:27:00","modified_gmt":"2017-03-13T22:27:00","slug":"caly-wroclaw-czyta-dzieciom","status":"publish","type":"post","link":"https:\/\/przedszkole121.edu.wroclaw.pl\/index.php\/2017\/03\/13\/caly-wroclaw-czyta-dzieciom\/","title":{"rendered":"Ca\u0142y Wroc\u0142aw czyta dzieciom"},"content":{"rendered":"<p>Ju\u017c od lat, nasze przedszkole uczestniczy w akcji \u201eCa\u0142y Wroc\u0142aw czyta dzieciom\u201d. Dzi\u0119ki tej akcji , grup\u0119 \u201eSkowronk\u00f3w\u201d odwiedzi\u0142y wolontariuszki z fundacji \u201eMam pomoc\u201d, zajmuj\u0105cej si\u0119 integracj\u0105 \u015brodowiska sprawnych z niepe\u0142nosprawnymi.<br \/>\nPanie przeczyta\u0142y dzieciom dwie bardzo interesuj\u0105ce ksi\u0105\u017ceczki, potem porozmawia\u0142y z przedszkolakami o tym , jak wygl\u0105da \u015bwiat niepe\u0142nosprawnych dzieci, zrozumia\u0142ym j\u0119zykiem t\u0142umaczy\u0142y, \u017ce wszyscy zas\u0142ugujemy na mi\u0142o\u015b\u0107 i szacunek innych, stara\u0142y si\u0119 uwra\u017cliwi\u0107 najm\u0142odszych na chorob\u0119 dzieci \u017cyj\u0105cych obok nas, uruchamiaj\u0105c w nich pok\u0142ady empatii i wyrozumia\u0142o\u015bci.<br \/>\nNa zako\u0144czenie dzieci otrzyma\u0142y obrazki do pokolorowania , tematycznie zwi\u0105zane z ide\u0105 fundacji.<br \/>\nSerdecznie dzi\u0119kujemy naszym Go\u015bciom za spotkanie i po\u015bwi\u0119cony nam czas!<\/p>\n","protected":false},"excerpt":{"rendered":"<p>Ju\u017c od lat, nasze przedszkole uczestniczy w akcji \u201eCa\u0142y Wroc\u0142aw czyta dzieciom\u201d. Dzi\u0119ki tej akcji , grup\u0119 \u201eSkowronk\u00f3w\u201d odwiedzi\u0142y wolontariuszki z fundacji \u201eMam pomoc\u201d, zajmuj\u0105cej si\u0119 integracj\u0105 \u015brodowiska sprawnych z [&hellip;]<\/p>\n","protected":false},"author":22,"featured_media":1660,"comment_status":"closed","ping_status":"closed","sticky":false,"template":"","format":"standard","meta":{"ngg_post_thumbnail":0,"footnotes":""},"categories":[1],"tags":[],"class_list":["post-1658","post","type-post","status-publish","format-standard","has-post-thumbnail","hentry","category-aktualnosci","clearfix"],"_links":{"self":[{"href":"https:\/\/przedszkole121.edu.wroclaw.pl\/index.php\/wp-json\/wp\/v2\/posts\/1658","targetHints":{"allow":["GET"]}}],"collection":[{"href":"https:\/\/przedszkole121.edu.wroclaw.pl\/index.php\/wp-json\/wp\/v2\/posts"}],"about":[{"href":"https:\/\/przedszkole121.edu.wroclaw.pl\/index.php\/wp-json\/wp\/v2\/types\/post"}],"author":[{"embeddable":true,"href":"https:\/\/przedszkole121.edu.wroclaw.pl\/index.php\/wp-json\/wp\/v2\/users\/22"}],"replies":[{"embeddable":true,"href":"https:\/\/przedszkole121.edu.wroclaw.pl\/index.php\/wp-json\/wp\/v2\/comments?post=1658"}],"version-history":[{"count":1,"href":"https:\/\/przedszkole121.edu.wroclaw.pl\/index.php\/wp-json\/wp\/v2\/posts\/1658\/revisions"}],"predecessor-version":[{"id":1661,"href":"https:\/\/przedszkole121.edu.wroclaw.pl\/index.php\/wp-json\/wp\/v2\/posts\/1658\/revisions\/1661"}],"wp:featuredmedia":[{"embeddable":true,"href":"https:\/\/przedszkole121.edu.wroclaw.pl\/index.php\/wp-json\/wp\/v2\/media\/1660"}],"wp:attachment":[{"href":"https:\/\/przedszkole121.edu.wroclaw.pl\/index.php\/wp-json\/wp\/v2\/media?parent=1658"}],"wp:term":[{"taxonomy":"category","embeddable":true,"href":"https:\/\/przedszkole121.edu.wroclaw.pl\/index.php\/wp-json\/wp\/v2\/categories?post=1658"},{"taxonomy":"post_tag","embeddable":true,"href":"https:\/\/przedszkole121.edu.wroclaw.pl\/index.php\/wp-json\/wp\/v2\/tags?post=1658"}],"curies":[{"name":"wp","href":"https:\/\/api.w.org\/{rel}","templated":true}]}}