
{"id":1664,"date":"2017-03-18T12:09:40","date_gmt":"2017-03-18T11:09:40","guid":{"rendered":"https:\/\/przedszkole121.edu.wroclaw.pl\/?p=1664"},"modified":"2017-03-26T21:13:54","modified_gmt":"2017-03-26T19:13:54","slug":"witamy-wiosne","status":"publish","type":"post","link":"https:\/\/przedszkole121.edu.wroclaw.pl\/index.php\/2017\/03\/18\/witamy-wiosne\/","title":{"rendered":"POWITALI\u015aMY  WIOSN\u0118&#8230;"},"content":{"rendered":"<p>        Jak ka\u017cdego roku, razem z naszymi przedszkolakami po\u017cegnali\u015bmy zim\u0119 i rado\u015bne przywitali\u015bmy  PANI\u0104 WIOSN\u0118 \ud83d\ude09 Kalendarzowa wiosna w tym roku wypad\u0142a we wtorek (oczywi\u015bcie 21 marca)&#8230;<br \/>\nWszystkie przedszkolaki wyposa\u017cone w kwiaty wyruszy\u0142y do Parku Szczytnickiego, aby symbolicznie po\u017cegna\u0107 ZIM\u0118.<br \/>\nKa\u017cdy otrzyma\u0142 kostk\u0119 lodu, chwileczk\u0119 potrzyma\u0142 w d\u0142oniach, odczu\u0142 ch\u0142\u00f3d i rzuci\u0142 l\u00f3d  w stron\u0119 wody. Ten gest potwierdza\u0142, \u017ce ju\u017c nie chcemy zimy. zimna i chcemy si\u0119 od tego uwolni\u0107. Ten spos\u00f3b  po\u017cegnania zimy jest bardzo ekologiczny, nie za\u015bmiecamy \u015brodowiska, rozpuszczony l\u00f3d nie zabrudzi wody. A je\u015bli rzucona kostka lodu nie wpad\u0142a do wody to jej wilgo\u0107 pomo\u017ce budz\u0105cym si\u0119 do \u017cycia ro\u015blinom. Dzi\u0119kujemy wszystkim rodzicom , kt\u00f3rzy pomogli nam zorganizowa\u0107 ten barwny, wiosenny poch\u00f3d zaopatruj\u0105c swoj\u0105 pociech\u0119 w wiosenne kwiaty.     <\/p>\n","protected":false},"excerpt":{"rendered":"<p>Jak ka\u017cdego roku, razem z naszymi przedszkolakami po\u017cegnali\u015bmy zim\u0119 i rado\u015bne przywitali\u015bmy PANI\u0104 WIOSN\u0118 \ud83d\ude09 Kalendarzowa wiosna w tym roku wypad\u0142a we wtorek (oczywi\u015bcie 21 marca)&#8230; Wszystkie przedszkolaki wyposa\u017cone w [&hellip;]<\/p>\n","protected":false},"author":40,"featured_media":1676,"comment_status":"closed","ping_status":"closed","sticky":false,"template":"","format":"standard","meta":{"ngg_post_thumbnail":0,"footnotes":""},"categories":[1],"tags":[],"class_list":["post-1664","post","type-post","status-publish","format-standard","has-post-thumbnail","hentry","category-aktualnosci","clearfix"],"_links":{"self":[{"href":"https:\/\/przedszkole121.edu.wroclaw.pl\/index.php\/wp-json\/wp\/v2\/posts\/1664","targetHints":{"allow":["GET"]}}],"collection":[{"href":"https:\/\/przedszkole121.edu.wroclaw.pl\/index.php\/wp-json\/wp\/v2\/posts"}],"about":[{"href":"https:\/\/przedszkole121.edu.wroclaw.pl\/index.php\/wp-json\/wp\/v2\/types\/post"}],"author":[{"embeddable":true,"href":"https:\/\/przedszkole121.edu.wroclaw.pl\/index.php\/wp-json\/wp\/v2\/users\/40"}],"replies":[{"embeddable":true,"href":"https:\/\/przedszkole121.edu.wroclaw.pl\/index.php\/wp-json\/wp\/v2\/comments?post=1664"}],"version-history":[{"count":3,"href":"https:\/\/przedszkole121.edu.wroclaw.pl\/index.php\/wp-json\/wp\/v2\/posts\/1664\/revisions"}],"predecessor-version":[{"id":1680,"href":"https:\/\/przedszkole121.edu.wroclaw.pl\/index.php\/wp-json\/wp\/v2\/posts\/1664\/revisions\/1680"}],"wp:featuredmedia":[{"embeddable":true,"href":"https:\/\/przedszkole121.edu.wroclaw.pl\/index.php\/wp-json\/wp\/v2\/media\/1676"}],"wp:attachment":[{"href":"https:\/\/przedszkole121.edu.wroclaw.pl\/index.php\/wp-json\/wp\/v2\/media?parent=1664"}],"wp:term":[{"taxonomy":"category","embeddable":true,"href":"https:\/\/przedszkole121.edu.wroclaw.pl\/index.php\/wp-json\/wp\/v2\/categories?post=1664"},{"taxonomy":"post_tag","embeddable":true,"href":"https:\/\/przedszkole121.edu.wroclaw.pl\/index.php\/wp-json\/wp\/v2\/tags?post=1664"}],"curies":[{"name":"wp","href":"https:\/\/api.w.org\/{rel}","templated":true}]}}