
{"id":1667,"date":"2017-03-20T14:24:55","date_gmt":"2017-03-20T13:24:55","guid":{"rendered":"https:\/\/przedszkole121.edu.wroclaw.pl\/?p=1667"},"modified":"2017-03-26T21:26:16","modified_gmt":"2017-03-26T19:26:16","slug":"potyczki-matematyczne-sowek","status":"publish","type":"post","link":"https:\/\/przedszkole121.edu.wroclaw.pl\/index.php\/2017\/03\/20\/potyczki-matematyczne-sowek\/","title":{"rendered":"Potyczki matematyczne &#8222;S\u00f3wek&#8221;"},"content":{"rendered":"<p>Potyczki matematyczne &#8222;s\u00f3wek&#8221;<\/p>\n<p>15 marca 2017r  dzieci z grupy S\u00f3wek: Oskar, Kuba, Ala i Lila reprezentowa\u0142y nasze przedszkole na konkursie \u201ePotyczki matematyczne\u201d organizowanym przez Przedszkole nr 146. Podczas konkursu trzeba by\u0142o wykaza\u0107 si\u0119 nie tylko wiedz\u0105 matematyczn\u0105, ale tak\u017ce umiej\u0119tno\u015bci\u0105 wsp\u00f3\u0142pracy w grupie. Tegoroczny IX ju\u017c konkurs zwi\u0105zany by\u0142 ze zbli\u017caj\u0105cymi si\u0119 Igrzyskami The World Games 2017. Dzieci rozwi\u0105zywa\u0142y zadania z zakresu umiej\u0119tno\u015bci przeliczania, klasyfikowania element\u00f3w, orientacji przestrzennej. Nasza dru\u017cyna radzi\u0142a sobie doskonale i zaj\u0119\u0142a II miejsce :)W potyczkach uczestniczy\u0142o oko\u0142o 20 dru\u017cyn, st\u0105d rado\u015b\u0107 nasza jest ogromna. Gratulujemy naszym reprezentantom, paniom nauczycielkom  pracuj\u0105cym w grupie &#8222;S\u00f3wek&#8221; i oczywi\u015bcie Rodzicom naszych nagrodzonych. <\/p>\n","protected":false},"excerpt":{"rendered":"<p>Potyczki matematyczne &#8222;s\u00f3wek&#8221; 15 marca 2017r dzieci z grupy S\u00f3wek: Oskar, Kuba, Ala i Lila reprezentowa\u0142y nasze przedszkole na konkursie \u201ePotyczki matematyczne\u201d organizowanym przez Przedszkole nr 146. Podczas konkursu trzeba [&hellip;]<\/p>\n","protected":false},"author":22,"featured_media":1669,"comment_status":"closed","ping_status":"closed","sticky":false,"template":"","format":"standard","meta":{"ngg_post_thumbnail":0,"footnotes":""},"categories":[1],"tags":[],"class_list":["post-1667","post","type-post","status-publish","format-standard","has-post-thumbnail","hentry","category-aktualnosci","clearfix"],"_links":{"self":[{"href":"https:\/\/przedszkole121.edu.wroclaw.pl\/index.php\/wp-json\/wp\/v2\/posts\/1667","targetHints":{"allow":["GET"]}}],"collection":[{"href":"https:\/\/przedszkole121.edu.wroclaw.pl\/index.php\/wp-json\/wp\/v2\/posts"}],"about":[{"href":"https:\/\/przedszkole121.edu.wroclaw.pl\/index.php\/wp-json\/wp\/v2\/types\/post"}],"author":[{"embeddable":true,"href":"https:\/\/przedszkole121.edu.wroclaw.pl\/index.php\/wp-json\/wp\/v2\/users\/22"}],"replies":[{"embeddable":true,"href":"https:\/\/przedszkole121.edu.wroclaw.pl\/index.php\/wp-json\/wp\/v2\/comments?post=1667"}],"version-history":[{"count":5,"href":"https:\/\/przedszkole121.edu.wroclaw.pl\/index.php\/wp-json\/wp\/v2\/posts\/1667\/revisions"}],"predecessor-version":[{"id":1684,"href":"https:\/\/przedszkole121.edu.wroclaw.pl\/index.php\/wp-json\/wp\/v2\/posts\/1667\/revisions\/1684"}],"wp:featuredmedia":[{"embeddable":true,"href":"https:\/\/przedszkole121.edu.wroclaw.pl\/index.php\/wp-json\/wp\/v2\/media\/1669"}],"wp:attachment":[{"href":"https:\/\/przedszkole121.edu.wroclaw.pl\/index.php\/wp-json\/wp\/v2\/media?parent=1667"}],"wp:term":[{"taxonomy":"category","embeddable":true,"href":"https:\/\/przedszkole121.edu.wroclaw.pl\/index.php\/wp-json\/wp\/v2\/categories?post=1667"},{"taxonomy":"post_tag","embeddable":true,"href":"https:\/\/przedszkole121.edu.wroclaw.pl\/index.php\/wp-json\/wp\/v2\/tags?post=1667"}],"curies":[{"name":"wp","href":"https:\/\/api.w.org\/{rel}","templated":true}]}}