
{"id":1671,"date":"2017-03-20T19:20:29","date_gmt":"2017-03-20T18:20:29","guid":{"rendered":"https:\/\/przedszkole121.edu.wroclaw.pl\/?p=1671"},"modified":"2017-03-26T21:17:15","modified_gmt":"2017-03-26T19:17:15","slug":"rymowanki-wroclawskie-2017","status":"publish","type":"post","link":"https:\/\/przedszkole121.edu.wroclaw.pl\/index.php\/2017\/03\/20\/rymowanki-wroclawskie-2017\/","title":{"rendered":"Rymowanki Wroc\u0142awskie  2017"},"content":{"rendered":"<p>NINIEJSZYM OG\u0141ASZAMY, i\u017c&#8230;XIV RYMOWANKI WROC\u0141AWSKIE W NASZYM \u201eZIELONYM PRZEDSZKOLU\u201d&#8230; uwa\u017camy za zamkni\u0119te! Za nami dwa dni pe\u0142ne emocji i fantastycznej zabawy!<br \/>\n\tW dniach 14-15 marca 2017 roku go\u015bcili\u015bmy w naszej plac\u00f3wce dzieci\u0119ce dru\u017cyny \u015bmia\u0142k\u00f3w z wroc\u0142awskich przedszkoli, kt\u00f3re wsp\u00f3lnie z nami chcia\u0142y weso\u0142o pobawi\u0107 si\u0119, poopowiada\u0107 i porymowa\u0107 o Wroc\u0142awiu oraz zwiedzi\u0107 nasze pi\u0119kne miasto kolej\u0105&#8230;W tym roku startowali\u015bmy z wroc\u0142awskiego Dworca G\u0142\u00f3wnego&#8230;(  oczywi\u015bcie na niby )<br \/>\nRymy same si\u0119 sk\u0142ada\u0142y, dzieci s\u0142owa dobiera\u0142y, weso\u0142a zabawa wiod\u0142a prym, a wszyscy szcz\u0119\u015bliwi byli w tym! Krasnale skaka\u0142y, \u015bpiewa\u0142y oraz ta\u0144czy\u0142y; nastr\u00f3j imprezy by\u0142 czarodziejski i mi\u0142y; chlapa\u0142y fontanny, \u015bmia\u0142y si\u0119 panny&#8230;a wszystko jest sfotografowane i na pami\u0105tk\u0119 nagrane!<br \/>\n\tDzi\u0119kujemy przedszkolakom oraz ich nauczycielkom, r\u00f3wnie\u017c rodzicom zaanga\u017cowanym w imprez\u0119 za udzia\u0142 i pi\u0119kne przygotowanie dzieci do wyst\u0119p\u00f3w, za u\u015bmiech, ciep\u0142e s\u0142owo i towarzystwo! Zapraszamy za rok&#8230;<\/p>\n","protected":false},"excerpt":{"rendered":"<p>NINIEJSZYM OG\u0141ASZAMY, i\u017c&#8230;XIV RYMOWANKI WROC\u0141AWSKIE W NASZYM \u201eZIELONYM PRZEDSZKOLU\u201d&#8230; uwa\u017camy za zamkni\u0119te! Za nami dwa dni pe\u0142ne emocji i fantastycznej zabawy! W dniach 14-15 marca 2017 roku go\u015bcili\u015bmy w naszej [&hellip;]<\/p>\n","protected":false},"author":22,"featured_media":1675,"comment_status":"closed","ping_status":"closed","sticky":false,"template":"","format":"standard","meta":{"ngg_post_thumbnail":0,"footnotes":""},"categories":[1],"tags":[],"class_list":["post-1671","post","type-post","status-publish","format-standard","has-post-thumbnail","hentry","category-aktualnosci","clearfix"],"_links":{"self":[{"href":"https:\/\/przedszkole121.edu.wroclaw.pl\/index.php\/wp-json\/wp\/v2\/posts\/1671","targetHints":{"allow":["GET"]}}],"collection":[{"href":"https:\/\/przedszkole121.edu.wroclaw.pl\/index.php\/wp-json\/wp\/v2\/posts"}],"about":[{"href":"https:\/\/przedszkole121.edu.wroclaw.pl\/index.php\/wp-json\/wp\/v2\/types\/post"}],"author":[{"embeddable":true,"href":"https:\/\/przedszkole121.edu.wroclaw.pl\/index.php\/wp-json\/wp\/v2\/users\/22"}],"replies":[{"embeddable":true,"href":"https:\/\/przedszkole121.edu.wroclaw.pl\/index.php\/wp-json\/wp\/v2\/comments?post=1671"}],"version-history":[{"count":2,"href":"https:\/\/przedszkole121.edu.wroclaw.pl\/index.php\/wp-json\/wp\/v2\/posts\/1671\/revisions"}],"predecessor-version":[{"id":1681,"href":"https:\/\/przedszkole121.edu.wroclaw.pl\/index.php\/wp-json\/wp\/v2\/posts\/1671\/revisions\/1681"}],"wp:featuredmedia":[{"embeddable":true,"href":"https:\/\/przedszkole121.edu.wroclaw.pl\/index.php\/wp-json\/wp\/v2\/media\/1675"}],"wp:attachment":[{"href":"https:\/\/przedszkole121.edu.wroclaw.pl\/index.php\/wp-json\/wp\/v2\/media?parent=1671"}],"wp:term":[{"taxonomy":"category","embeddable":true,"href":"https:\/\/przedszkole121.edu.wroclaw.pl\/index.php\/wp-json\/wp\/v2\/categories?post=1671"},{"taxonomy":"post_tag","embeddable":true,"href":"https:\/\/przedszkole121.edu.wroclaw.pl\/index.php\/wp-json\/wp\/v2\/tags?post=1671"}],"curies":[{"name":"wp","href":"https:\/\/api.w.org\/{rel}","templated":true}]}}