
{"id":1730,"date":"2017-04-11T15:55:28","date_gmt":"2017-04-11T13:55:28","guid":{"rendered":"https:\/\/przedszkole121.edu.wroclaw.pl\/?p=1730"},"modified":"2017-04-11T15:55:28","modified_gmt":"2017-04-11T13:55:28","slug":"10-14-kwiecien-rodzice-podpisuja-oswiadczenie-woli-o-kontynuacji","status":"publish","type":"post","link":"https:\/\/przedszkole121.edu.wroclaw.pl\/index.php\/2017\/04\/11\/10-14-kwiecien-rodzice-podpisuja-oswiadczenie-woli-o-kontynuacji\/","title":{"rendered":"10-14 kwiecie\u0144- rodzice podpisuj\u0105 o\u015bwiadczenie woli  o kontynuacji"},"content":{"rendered":"<p>W dniach 10-14 kwietnia ka\u017cdy rodzic, kt\u00f3ry chce, aby jego dziecko w nowym roku szkolnym 2017\/2018 ucz\u0119szcza\u0142o do Przedszkola nr 121 &#8222;Zielonego Przedszkola&#8221; powinien podpisa\u0107 dokument &#8222;O\u015bwiadczenie woli kontynuacji&#8221;. Oczywi\u015bcie dotyczy to dzieci , kt\u00f3re s\u0105 zapisane do naszego przedszkola. Nowe dzieciaczki, kt\u00f3re rozpoczn\u0105 swoj\u0105 przedszkoln\u0105 przygod\u0119 dopiero we wrze\u015bniu 2017 r. musz\u0105 bra\u0107 udzia\u0142 w elektronicznej rekrutacji, kt\u00f3ra rozpocznie si\u0119 po 20 kwietnia.<\/p>\n","protected":false},"excerpt":{"rendered":"<p>W dniach 10-14 kwietnia ka\u017cdy rodzic, kt\u00f3ry chce, aby jego dziecko w nowym roku szkolnym 2017\/2018 ucz\u0119szcza\u0142o do Przedszkola nr 121 &#8222;Zielonego Przedszkola&#8221; powinien podpisa\u0107 dokument &#8222;O\u015bwiadczenie woli kontynuacji&#8221;. Oczywi\u015bcie [&hellip;]<\/p>\n","protected":false},"author":22,"featured_media":733,"comment_status":"closed","ping_status":"closed","sticky":false,"template":"","format":"standard","meta":{"ngg_post_thumbnail":0,"footnotes":""},"categories":[1],"tags":[],"class_list":["post-1730","post","type-post","status-publish","format-standard","has-post-thumbnail","hentry","category-aktualnosci","clearfix"],"_links":{"self":[{"href":"https:\/\/przedszkole121.edu.wroclaw.pl\/index.php\/wp-json\/wp\/v2\/posts\/1730","targetHints":{"allow":["GET"]}}],"collection":[{"href":"https:\/\/przedszkole121.edu.wroclaw.pl\/index.php\/wp-json\/wp\/v2\/posts"}],"about":[{"href":"https:\/\/przedszkole121.edu.wroclaw.pl\/index.php\/wp-json\/wp\/v2\/types\/post"}],"author":[{"embeddable":true,"href":"https:\/\/przedszkole121.edu.wroclaw.pl\/index.php\/wp-json\/wp\/v2\/users\/22"}],"replies":[{"embeddable":true,"href":"https:\/\/przedszkole121.edu.wroclaw.pl\/index.php\/wp-json\/wp\/v2\/comments?post=1730"}],"version-history":[{"count":1,"href":"https:\/\/przedszkole121.edu.wroclaw.pl\/index.php\/wp-json\/wp\/v2\/posts\/1730\/revisions"}],"predecessor-version":[{"id":1731,"href":"https:\/\/przedszkole121.edu.wroclaw.pl\/index.php\/wp-json\/wp\/v2\/posts\/1730\/revisions\/1731"}],"wp:featuredmedia":[{"embeddable":true,"href":"https:\/\/przedszkole121.edu.wroclaw.pl\/index.php\/wp-json\/wp\/v2\/media\/733"}],"wp:attachment":[{"href":"https:\/\/przedszkole121.edu.wroclaw.pl\/index.php\/wp-json\/wp\/v2\/media?parent=1730"}],"wp:term":[{"taxonomy":"category","embeddable":true,"href":"https:\/\/przedszkole121.edu.wroclaw.pl\/index.php\/wp-json\/wp\/v2\/categories?post=1730"},{"taxonomy":"post_tag","embeddable":true,"href":"https:\/\/przedszkole121.edu.wroclaw.pl\/index.php\/wp-json\/wp\/v2\/tags?post=1730"}],"curies":[{"name":"wp","href":"https:\/\/api.w.org\/{rel}","templated":true}]}}