
{"id":1732,"date":"2017-04-11T15:58:25","date_gmt":"2017-04-11T13:58:25","guid":{"rendered":"https:\/\/przedszkole121.edu.wroclaw.pl\/?p=1732"},"modified":"2017-04-11T15:58:25","modified_gmt":"2017-04-11T13:58:25","slug":"spiewamy-takze-po-niemiecku","status":"publish","type":"post","link":"https:\/\/przedszkole121.edu.wroclaw.pl\/index.php\/2017\/04\/11\/spiewamy-takze-po-niemiecku\/","title":{"rendered":"\u015apiewamy tak\u017ce po niemiecku&#8230;"},"content":{"rendered":"<p>Dnia 29 marca br. nasze przedszkolaki, ucz\u0105ce si\u0119 j\u0119zyka niemieckiego, uczestniczy\u0142y w Przedszkolnym Przegl\u0105dzie Piosenki Obcoj\u0119zycznej organizowanym w ramach projektu Wroc\u0142awskiej Koncepcji Edukacyjnej \u2013 &#8222;Od inspiracji do kreacji&#8221;. Has\u0142em przewodnim spotkania by\u0142a MAGIA PIOSENKI. Dzieci z grupy: Jask\u00f3\u0142ek, Skowronk\u00f3w oraz S\u00f3wek pi\u0119knie i odwa\u017cnie zaprezentowa\u0142y swoje umiej\u0119tno\u015bci j\u0119zykowe. Wyst\u0105pi\u0142y z piosenk\u0105: \u201eOben auf des Berges Spitze\u201d (\u201eNa szczecie g\u00f3ry\u201d) i dumnie reprezentowa\u0142y nasze\u00a0 \u201eZielone Przedszkole\u201d. Ca\u0142ej imprezie towarzyszy\u0142a przyjazna atmosfera i weso\u0142a zabawa:) Radosn\u0105 aur\u0119 spotkania przenie\u015bli\u015bmy do naszych grup przedszkolnych i cieszyli\u015bmy si\u0119 ni\u0105 do ko\u0144ca dnia&#8230;<\/p>\n","protected":false},"excerpt":{"rendered":"<p>Dnia 29 marca br. nasze przedszkolaki, ucz\u0105ce si\u0119 j\u0119zyka niemieckiego, uczestniczy\u0142y w Przedszkolnym Przegl\u0105dzie Piosenki Obcoj\u0119zycznej organizowanym w ramach projektu Wroc\u0142awskiej Koncepcji Edukacyjnej \u2013 &#8222;Od inspiracji do kreacji&#8221;. Has\u0142em przewodnim [&hellip;]<\/p>\n","protected":false},"author":22,"featured_media":1733,"comment_status":"closed","ping_status":"closed","sticky":false,"template":"","format":"standard","meta":{"ngg_post_thumbnail":0,"footnotes":""},"categories":[1],"tags":[],"class_list":["post-1732","post","type-post","status-publish","format-standard","has-post-thumbnail","hentry","category-aktualnosci","clearfix"],"_links":{"self":[{"href":"https:\/\/przedszkole121.edu.wroclaw.pl\/index.php\/wp-json\/wp\/v2\/posts\/1732","targetHints":{"allow":["GET"]}}],"collection":[{"href":"https:\/\/przedszkole121.edu.wroclaw.pl\/index.php\/wp-json\/wp\/v2\/posts"}],"about":[{"href":"https:\/\/przedszkole121.edu.wroclaw.pl\/index.php\/wp-json\/wp\/v2\/types\/post"}],"author":[{"embeddable":true,"href":"https:\/\/przedszkole121.edu.wroclaw.pl\/index.php\/wp-json\/wp\/v2\/users\/22"}],"replies":[{"embeddable":true,"href":"https:\/\/przedszkole121.edu.wroclaw.pl\/index.php\/wp-json\/wp\/v2\/comments?post=1732"}],"version-history":[{"count":1,"href":"https:\/\/przedszkole121.edu.wroclaw.pl\/index.php\/wp-json\/wp\/v2\/posts\/1732\/revisions"}],"predecessor-version":[{"id":1734,"href":"https:\/\/przedszkole121.edu.wroclaw.pl\/index.php\/wp-json\/wp\/v2\/posts\/1732\/revisions\/1734"}],"wp:featuredmedia":[{"embeddable":true,"href":"https:\/\/przedszkole121.edu.wroclaw.pl\/index.php\/wp-json\/wp\/v2\/media\/1733"}],"wp:attachment":[{"href":"https:\/\/przedszkole121.edu.wroclaw.pl\/index.php\/wp-json\/wp\/v2\/media?parent=1732"}],"wp:term":[{"taxonomy":"category","embeddable":true,"href":"https:\/\/przedszkole121.edu.wroclaw.pl\/index.php\/wp-json\/wp\/v2\/categories?post=1732"},{"taxonomy":"post_tag","embeddable":true,"href":"https:\/\/przedszkole121.edu.wroclaw.pl\/index.php\/wp-json\/wp\/v2\/tags?post=1732"}],"curies":[{"name":"wp","href":"https:\/\/api.w.org\/{rel}","templated":true}]}}