
{"id":1750,"date":"2017-04-29T23:18:09","date_gmt":"2017-04-29T21:18:09","guid":{"rendered":"https:\/\/przedszkole121.edu.wroclaw.pl\/?p=1750"},"modified":"2017-04-29T23:38:50","modified_gmt":"2017-04-29T21:38:50","slug":"od-inspiracji-do-kreacji-czyli-magia-smakow","status":"publish","type":"post","link":"https:\/\/przedszkole121.edu.wroclaw.pl\/index.php\/2017\/04\/29\/od-inspiracji-do-kreacji-czyli-magia-smakow\/","title":{"rendered":"Od Inspiracji do kreacji, czyli Magia smak\u00f3w &#8230;"},"content":{"rendered":"<p>OD INSPIRACJI DO KREACJI&#8230;czyli MAGIA SMAKU w \u201eZielonym Przedszkolu\u201d. W ramach projektu, w kt\u00f3rym uczestniczy nasza plac\u00f3wka dnia 19 kwietnia br. \u201eWr\u00f3belki\u201d, wsp\u00f3lnie z zaproszonymi go\u015b\u0107mi z zaprzyja\u017anionego przedszkola, uczestniczy\u0142y w smacznej i zdrowej zabawie. Po mi\u0142ym powitaniu trzylatk\u00f3w z grupy Minionk\u00f3w (z Przedszkola nr 6) dzielne maluchy same komponowa\u0142y zio\u0142owe napary herbaciane. Fantazyjne mieszanki przygotowywane by\u0142y oczywi\u015bcie pod bacznym okiem pa\u0144&#8230;Kiedy napary przybiera\u0142y z\u0142ocistych barw i nabiera\u0142y pysznej mocy, dzieci nie marnowa\u0142y czasu&#8230;;) Aktywno\u015b\u0107 ich zosta\u0142a przekierowana na smakowanie, pr\u00f3bowanie \u015bwie\u017cych warzyw i owoc\u00f3w. W k\u0105ciku sali przygotowane by\u0142y niezwyk\u0142e naczynia, do kt\u00f3rych przedszkolaki same wk\u0142ada\u0142y przygotowane wcze\u015bniej produkty i w magiczny dla dzieci spos\u00f3b \u2013 bez zanurzania warzyw i owoc\u00f3w w wodzie \u2013 wszystko si\u0119 gotowa\u0142o\/parowa\u0142o \ud83d\ude09 &#8230;Tymczasem herbaciane napary styg\u0142y, aromaty unosi\u0142y si\u0119 wok\u00f3\u0142 \u2013 a dzieciaki kreowa\u0142y sw\u00f3j wielki wsp\u00f3lny owocowo \u2013 warzywny \u201epoci\u0105g do wiosny\u201d&#8230;<br \/>\nSpotkanie zako\u0144czy\u0142o si\u0119 uczt\u0105 i\u015bcie kr\u00f3lewsk\u0105! Dzieciom pysznie smakowa\u0142y wszystkie rodzaje herbatek, kt\u00f3re samodzielnie wyczarowa\u0142y, a warzywa i owoce przyrz\u0105dzone na parze okaza\u0142y si\u0119 r\u00f3wnie\u017c smako\u0142ykami&#8230;mniam!<br \/>\nSpotkanie to by\u0142o pi\u0119knym prze\u017cyciem dla wszystkich! Pokaza\u0142o dzieciom, \u017ce pracuj\u0105c wsp\u00f3lnie r\u00f3wnie\u017c mo\u017cna si\u0119 wielu rzeczy nauczy\u0107, a czas p\u0142ynie bardzo szybko&#8230;Na po\u017cegnanie nasi go\u015bcie obdarowali nas zdrowymi i pysznymi batonikami (przysmakiem dzieci z ich przedszkola!)&#8230;a poniewa\u017c pani rozdawa\u0142a je na po\u017cegnanie, wyj\u0105tkowo mocno wyczekiwali\u015bmy tego dnia na rodzic\u00f3w!!! To by\u0142 niezwyk\u0142y dzie\u0144 pe\u0142en niezapomnianych wra\u017ce\u0144&#8230;<\/p>\n","protected":false},"excerpt":{"rendered":"<p>OD INSPIRACJI DO KREACJI&#8230;czyli MAGIA SMAKU w \u201eZielonym Przedszkolu\u201d. W ramach projektu, w kt\u00f3rym uczestniczy nasza plac\u00f3wka dnia 19 kwietnia br. \u201eWr\u00f3belki\u201d, wsp\u00f3lnie z zaproszonymi go\u015b\u0107mi z zaprzyja\u017anionego przedszkola, uczestniczy\u0142y [&hellip;]<\/p>\n","protected":false},"author":22,"featured_media":1755,"comment_status":"closed","ping_status":"closed","sticky":false,"template":"","format":"standard","meta":{"ngg_post_thumbnail":0,"footnotes":""},"categories":[1],"tags":[],"class_list":["post-1750","post","type-post","status-publish","format-standard","has-post-thumbnail","hentry","category-aktualnosci","clearfix"],"_links":{"self":[{"href":"https:\/\/przedszkole121.edu.wroclaw.pl\/index.php\/wp-json\/wp\/v2\/posts\/1750","targetHints":{"allow":["GET"]}}],"collection":[{"href":"https:\/\/przedszkole121.edu.wroclaw.pl\/index.php\/wp-json\/wp\/v2\/posts"}],"about":[{"href":"https:\/\/przedszkole121.edu.wroclaw.pl\/index.php\/wp-json\/wp\/v2\/types\/post"}],"author":[{"embeddable":true,"href":"https:\/\/przedszkole121.edu.wroclaw.pl\/index.php\/wp-json\/wp\/v2\/users\/22"}],"replies":[{"embeddable":true,"href":"https:\/\/przedszkole121.edu.wroclaw.pl\/index.php\/wp-json\/wp\/v2\/comments?post=1750"}],"version-history":[{"count":1,"href":"https:\/\/przedszkole121.edu.wroclaw.pl\/index.php\/wp-json\/wp\/v2\/posts\/1750\/revisions"}],"predecessor-version":[{"id":1751,"href":"https:\/\/przedszkole121.edu.wroclaw.pl\/index.php\/wp-json\/wp\/v2\/posts\/1750\/revisions\/1751"}],"wp:featuredmedia":[{"embeddable":true,"href":"https:\/\/przedszkole121.edu.wroclaw.pl\/index.php\/wp-json\/wp\/v2\/media\/1755"}],"wp:attachment":[{"href":"https:\/\/przedszkole121.edu.wroclaw.pl\/index.php\/wp-json\/wp\/v2\/media?parent=1750"}],"wp:term":[{"taxonomy":"category","embeddable":true,"href":"https:\/\/przedszkole121.edu.wroclaw.pl\/index.php\/wp-json\/wp\/v2\/categories?post=1750"},{"taxonomy":"post_tag","embeddable":true,"href":"https:\/\/przedszkole121.edu.wroclaw.pl\/index.php\/wp-json\/wp\/v2\/tags?post=1750"}],"curies":[{"name":"wp","href":"https:\/\/api.w.org\/{rel}","templated":true}]}}