
{"id":1800,"date":"2017-06-07T23:02:43","date_gmt":"2017-06-07T21:02:43","guid":{"rendered":"https:\/\/przedszkole121.edu.wroclaw.pl\/?p=1800"},"modified":"2017-06-07T23:02:43","modified_gmt":"2017-06-07T21:02:43","slug":"skowronki-w-bibliotece","status":"publish","type":"post","link":"https:\/\/przedszkole121.edu.wroclaw.pl\/index.php\/2017\/06\/07\/skowronki-w-bibliotece\/","title":{"rendered":"Skowronki w bibliotece"},"content":{"rendered":"<p>5 kwietnia, w ramach prowadzonej w naszym przedszkolu akcji \u2013 \u201eCa\u0142y Wroc\u0142aw czyta dzieciom\u201d, przedszkolaki z grupy \u201eSkowronk\u00f3w\u201d, wybra\u0142y si\u0119 do pobliskiej biblioteki, mieszcz\u0105cej si\u0119 przy ul. 9 maja we Wroc\u0142awiu.<br \/>\nSpotkanie prowadzone by\u0142o przez pani\u0105 pracuj\u0105c\u0105 w bibliotece, a tematem przewodnim by\u0142y ptaki.<br \/>\nPani bibliotekarka w przyst\u0119pny spos\u00f3b opowiada\u0142a o bibliotece i o zbiorach znajduj\u0105cych si\u0119 na p\u00f3\u0142kach. Dzieci wys\u0142ucha\u0142y wielu czytanych przez pani\u0105 historii i wierszy o ptakach, obejrza\u0142y ciekawe ilustracje, a tak\u017ce zobaczy\u0142y, jak wygl\u0105da karta czytelnika oraz pozna\u0142y zasady wypo\u017cyczania ksi\u0105\u017cek. Dowiedzia\u0142y si\u0119 r\u00f3wnie\u017c, jak nale\u017cy dba\u0107 o ksi\u0105\u017cki.<br \/>\nPodczas wizyty w bibliotece dzieci mia\u0142y mo\u017cliwo\u015b\u0107 przej\u015b\u0107 mi\u0119dzy rega\u0142ami w wypo\u017cyczalni. Wszystkim spodoba\u0142y si\u0119 kolorowe i bogato ilustrowane ksi\u0105\u017ceczki, kt\u00f3re z ch\u0119ci\u0105 ogl\u0105da\u0142y i komentowa\u0142y.<br \/>\nW trakcie pobytu w bibliotece, dzieci rozwi\u0105zywa\u0142y zagadki zwi\u0105zane z przer\u00f3\u017cnymi, bardziej lub mniej znanymi, ptakami. Przedszkolaki znakomicie sobie poradzi\u0142y. Na zako\u0144czenie spotkania, pani bibliotekarka wr\u0119czy\u0142a dzieciom bociany- obrazki do pokolorowania.<br \/>\nPani prowadz\u0105cej spotkanie bardzo dzi\u0119kujemy za po\u015bwi\u0119cony nam czas, jeszcze na pewno tam wr\u00f3cimy!<\/p>\n","protected":false},"excerpt":{"rendered":"<p>5 kwietnia, w ramach prowadzonej w naszym przedszkolu akcji \u2013 \u201eCa\u0142y Wroc\u0142aw czyta dzieciom\u201d, przedszkolaki z grupy \u201eSkowronk\u00f3w\u201d, wybra\u0142y si\u0119 do pobliskiej biblioteki, mieszcz\u0105cej si\u0119 przy ul. 9 maja we [&hellip;]<\/p>\n","protected":false},"author":22,"featured_media":1790,"comment_status":"closed","ping_status":"closed","sticky":false,"template":"","format":"standard","meta":{"ngg_post_thumbnail":0,"footnotes":""},"categories":[1],"tags":[],"class_list":["post-1800","post","type-post","status-publish","format-standard","has-post-thumbnail","hentry","category-aktualnosci","clearfix"],"_links":{"self":[{"href":"https:\/\/przedszkole121.edu.wroclaw.pl\/index.php\/wp-json\/wp\/v2\/posts\/1800","targetHints":{"allow":["GET"]}}],"collection":[{"href":"https:\/\/przedszkole121.edu.wroclaw.pl\/index.php\/wp-json\/wp\/v2\/posts"}],"about":[{"href":"https:\/\/przedszkole121.edu.wroclaw.pl\/index.php\/wp-json\/wp\/v2\/types\/post"}],"author":[{"embeddable":true,"href":"https:\/\/przedszkole121.edu.wroclaw.pl\/index.php\/wp-json\/wp\/v2\/users\/22"}],"replies":[{"embeddable":true,"href":"https:\/\/przedszkole121.edu.wroclaw.pl\/index.php\/wp-json\/wp\/v2\/comments?post=1800"}],"version-history":[{"count":1,"href":"https:\/\/przedszkole121.edu.wroclaw.pl\/index.php\/wp-json\/wp\/v2\/posts\/1800\/revisions"}],"predecessor-version":[{"id":1801,"href":"https:\/\/przedszkole121.edu.wroclaw.pl\/index.php\/wp-json\/wp\/v2\/posts\/1800\/revisions\/1801"}],"wp:featuredmedia":[{"embeddable":true,"href":"https:\/\/przedszkole121.edu.wroclaw.pl\/index.php\/wp-json\/wp\/v2\/media\/1790"}],"wp:attachment":[{"href":"https:\/\/przedszkole121.edu.wroclaw.pl\/index.php\/wp-json\/wp\/v2\/media?parent=1800"}],"wp:term":[{"taxonomy":"category","embeddable":true,"href":"https:\/\/przedszkole121.edu.wroclaw.pl\/index.php\/wp-json\/wp\/v2\/categories?post=1800"},{"taxonomy":"post_tag","embeddable":true,"href":"https:\/\/przedszkole121.edu.wroclaw.pl\/index.php\/wp-json\/wp\/v2\/tags?post=1800"}],"curies":[{"name":"wp","href":"https:\/\/api.w.org\/{rel}","templated":true}]}}