
{"id":1802,"date":"2017-06-07T23:05:42","date_gmt":"2017-06-07T21:05:42","guid":{"rendered":"https:\/\/przedszkole121.edu.wroclaw.pl\/?p=1802"},"modified":"2017-06-07T23:05:42","modified_gmt":"2017-06-07T21:05:42","slug":"przeglad-bajki-i-etiudy-logopedycznej","status":"publish","type":"post","link":"https:\/\/przedszkole121.edu.wroclaw.pl\/index.php\/2017\/06\/07\/przeglad-bajki-i-etiudy-logopedycznej\/","title":{"rendered":"Przegl\u0105d bajki i etiudy logopedycznej"},"content":{"rendered":"<p>Dzieci z grupy \u201eSkowronk\u00f3w\u201d Emilia, Jagoda , Matylda, Alicja oraz Nika reprezentowa\u0142y nasze przedszkole w\u00a0 \u00a0 \u00a0 \u00a0 \u00a0 \u00a0 \u00a0 \u00a0 \u201e Przegl\u0105dzie wiersza, bajki oraz etiudy logopedycznej\u201d organizowanym w ramach Miejskiego Programu Profilaktyki Logopedycznej, kt\u00f3ry jako przedszkole , realizujemy.<br \/>\nPojechali\u015bmy tramwajem do M\u0142odzie\u017cowego Domu Kultury, znajduj\u0105cego si\u0119 przy ul. Dubois 5 we Wroc\u0142awiu.<br \/>\nPomimo tego, \u017ce niekt\u00f3re dziewczynki nam si\u0119 pochorowa\u0142y i w ostatniej chwili musieli\u015bmy zmieni\u0107 sk\u0142ad wyst\u0119puj\u0105cych artyst\u00f3w&#x1f60a; zesp\u00f3\u0142 da\u0142 z siebie wszystko i przygotowana wcze\u015bniej etiuda \u201eO \u017cabce, kt\u00f3ra mamy nie s\u0142ucha\u0142a\u201d zosta\u0142a przyj\u0119ta z du\u017cym entuzjazmem publiczno\u015bci.<br \/>\nNa scenie, r\u00f3wnie\u017c rewelacyjnie, wyst\u0105pi\u0142a Ola z grupy \u201eJask\u00f3\u0142ek\u201d, recytuj\u0105c wiersz Danuty Wawi\u0142ow \u201eCz\u0142owiek ze z\u0142otym parasolem\u201d.<br \/>\nPrzegl\u0105d zako\u0144czy\u0142 si\u0119 wr\u0119czeniem dyplom\u00f3w i nagr\u00f3d wszystkim uczestnikom, a tak\u017ce zas\u0142u\u017conym pocz\u0119stunkiem, kt\u00f3ry bardzo dzieciom smakowa\u0142.<br \/>\nWszystkim dziewczynkom serdecznie gratulujemy i \u017cyczymy dalszych sukces\u00f3w na scenie!!!<\/p>\n","protected":false},"excerpt":{"rendered":"<p>Dzieci z grupy \u201eSkowronk\u00f3w\u201d Emilia, Jagoda , Matylda, Alicja oraz Nika reprezentowa\u0142y nasze przedszkole w\u00a0 \u00a0 \u00a0 \u00a0 \u00a0 \u00a0 \u00a0 \u00a0 \u201e Przegl\u0105dzie wiersza, bajki oraz etiudy logopedycznej\u201d organizowanym [&hellip;]<\/p>\n","protected":false},"author":22,"featured_media":1728,"comment_status":"closed","ping_status":"closed","sticky":false,"template":"","format":"standard","meta":{"ngg_post_thumbnail":0,"footnotes":""},"categories":[1],"tags":[],"class_list":["post-1802","post","type-post","status-publish","format-standard","has-post-thumbnail","hentry","category-aktualnosci","clearfix"],"_links":{"self":[{"href":"https:\/\/przedszkole121.edu.wroclaw.pl\/index.php\/wp-json\/wp\/v2\/posts\/1802","targetHints":{"allow":["GET"]}}],"collection":[{"href":"https:\/\/przedszkole121.edu.wroclaw.pl\/index.php\/wp-json\/wp\/v2\/posts"}],"about":[{"href":"https:\/\/przedszkole121.edu.wroclaw.pl\/index.php\/wp-json\/wp\/v2\/types\/post"}],"author":[{"embeddable":true,"href":"https:\/\/przedszkole121.edu.wroclaw.pl\/index.php\/wp-json\/wp\/v2\/users\/22"}],"replies":[{"embeddable":true,"href":"https:\/\/przedszkole121.edu.wroclaw.pl\/index.php\/wp-json\/wp\/v2\/comments?post=1802"}],"version-history":[{"count":1,"href":"https:\/\/przedszkole121.edu.wroclaw.pl\/index.php\/wp-json\/wp\/v2\/posts\/1802\/revisions"}],"predecessor-version":[{"id":1803,"href":"https:\/\/przedszkole121.edu.wroclaw.pl\/index.php\/wp-json\/wp\/v2\/posts\/1802\/revisions\/1803"}],"wp:featuredmedia":[{"embeddable":true,"href":"https:\/\/przedszkole121.edu.wroclaw.pl\/index.php\/wp-json\/wp\/v2\/media\/1728"}],"wp:attachment":[{"href":"https:\/\/przedszkole121.edu.wroclaw.pl\/index.php\/wp-json\/wp\/v2\/media?parent=1802"}],"wp:term":[{"taxonomy":"category","embeddable":true,"href":"https:\/\/przedszkole121.edu.wroclaw.pl\/index.php\/wp-json\/wp\/v2\/categories?post=1802"},{"taxonomy":"post_tag","embeddable":true,"href":"https:\/\/przedszkole121.edu.wroclaw.pl\/index.php\/wp-json\/wp\/v2\/tags?post=1802"}],"curies":[{"name":"wp","href":"https:\/\/api.w.org\/{rel}","templated":true}]}}