
{"id":1825,"date":"2017-07-25T16:11:37","date_gmt":"2017-07-25T14:11:37","guid":{"rendered":"https:\/\/przedszkole121.edu.wroclaw.pl\/?p=1825"},"modified":"2017-07-25T16:11:37","modified_gmt":"2017-07-25T14:11:37","slug":"swietujemy-dzien-mamy-i-taty","status":"publish","type":"post","link":"https:\/\/przedszkole121.edu.wroclaw.pl\/index.php\/2017\/07\/25\/swietujemy-dzien-mamy-i-taty\/","title":{"rendered":"\u015awi\u0119tujemy Dzie\u0144 Mamy i Taty"},"content":{"rendered":"<p style=\"text-align: center\"><strong>Dzie\u0144 Mamy i Taty<\/strong><br \/>\nDzie\u0144 Mamy i Taty to jedno z najwa\u017cniejszych \u015bwi\u0105t w kalendarzu imprez ka\u017cdego przedszkolaka.<br \/>\nUroczy\u015bcie obchodzono je r\u00f3wnie\u017c w naszym przedszkolu. W tym roku ka\u017cda grupa osobno zaprasza\u0142a swoich rodzic\u00f3w na \u015bwi\u0119towanie , wi\u0119c Rodzice go\u015bcili w naszym przedszkolu w majowo- czerwcowe popo\u0142udnia.<br \/>\nDzieciaki jak zwykle przygotowa\u0142y opraw\u0119 artystyczn\u0105 , by\u0142y wi\u0119c piosenki , ta\u0144ce wiersze i oczywi\u015bcie \u0142zy wzruszenia na buziach Mamy i Taty.<br \/>\nA na koniec zamiast tradycyjnych laurek , rodzice otrzymali w prezencie \u201eowocowy obrazek&#8221;<br \/>\nObrazki wykonane by\u0142y ze \u015bwie\u017cych owoc\u00f3w i podane na kolorowych talerzykach. By\u0142o smacznie , zdrowo , kolorowo&#8230; i zdrowo:)<\/p>\n","protected":false},"excerpt":{"rendered":"<p>Dzie\u0144 Mamy i Taty Dzie\u0144 Mamy i Taty to jedno z najwa\u017cniejszych \u015bwi\u0105t w kalendarzu imprez ka\u017cdego przedszkolaka. Uroczy\u015bcie obchodzono je r\u00f3wnie\u017c w naszym przedszkolu. W tym roku ka\u017cda grupa [&hellip;]<\/p>\n","protected":false},"author":22,"featured_media":1812,"comment_status":"closed","ping_status":"closed","sticky":false,"template":"","format":"standard","meta":{"ngg_post_thumbnail":0,"footnotes":""},"categories":[1],"tags":[],"class_list":["post-1825","post","type-post","status-publish","format-standard","has-post-thumbnail","hentry","category-aktualnosci","clearfix"],"_links":{"self":[{"href":"https:\/\/przedszkole121.edu.wroclaw.pl\/index.php\/wp-json\/wp\/v2\/posts\/1825","targetHints":{"allow":["GET"]}}],"collection":[{"href":"https:\/\/przedszkole121.edu.wroclaw.pl\/index.php\/wp-json\/wp\/v2\/posts"}],"about":[{"href":"https:\/\/przedszkole121.edu.wroclaw.pl\/index.php\/wp-json\/wp\/v2\/types\/post"}],"author":[{"embeddable":true,"href":"https:\/\/przedszkole121.edu.wroclaw.pl\/index.php\/wp-json\/wp\/v2\/users\/22"}],"replies":[{"embeddable":true,"href":"https:\/\/przedszkole121.edu.wroclaw.pl\/index.php\/wp-json\/wp\/v2\/comments?post=1825"}],"version-history":[{"count":1,"href":"https:\/\/przedszkole121.edu.wroclaw.pl\/index.php\/wp-json\/wp\/v2\/posts\/1825\/revisions"}],"predecessor-version":[{"id":1826,"href":"https:\/\/przedszkole121.edu.wroclaw.pl\/index.php\/wp-json\/wp\/v2\/posts\/1825\/revisions\/1826"}],"wp:featuredmedia":[{"embeddable":true,"href":"https:\/\/przedszkole121.edu.wroclaw.pl\/index.php\/wp-json\/wp\/v2\/media\/1812"}],"wp:attachment":[{"href":"https:\/\/przedszkole121.edu.wroclaw.pl\/index.php\/wp-json\/wp\/v2\/media?parent=1825"}],"wp:term":[{"taxonomy":"category","embeddable":true,"href":"https:\/\/przedszkole121.edu.wroclaw.pl\/index.php\/wp-json\/wp\/v2\/categories?post=1825"},{"taxonomy":"post_tag","embeddable":true,"href":"https:\/\/przedszkole121.edu.wroclaw.pl\/index.php\/wp-json\/wp\/v2\/tags?post=1825"}],"curies":[{"name":"wp","href":"https:\/\/api.w.org\/{rel}","templated":true}]}}