
{"id":1827,"date":"2017-07-27T12:08:32","date_gmt":"2017-07-27T10:08:32","guid":{"rendered":"https:\/\/przedszkole121.edu.wroclaw.pl\/?p=1827"},"modified":"2017-08-03T20:33:23","modified_gmt":"2017-08-03T18:33:23","slug":"zakonczenie-projektu-logopedycznego-zdrowo-jem-ladnie-mowie","status":"publish","type":"post","link":"https:\/\/przedszkole121.edu.wroclaw.pl\/index.php\/2017\/07\/27\/zakonczenie-projektu-logopedycznego-zdrowo-jem-ladnie-mowie\/","title":{"rendered":"Zako\u0144czenie projektu logopedycznego \u201eZdrowo jem , \u0142adnie m\u00f3wi\u0119\u201d"},"content":{"rendered":"<p>W ramach miejskiego Programu Profilaktyki logopedycznej , w kt\u00f3rym uczestniczymy ju\u017c drugi rok w naszej plac\u00f3wce odby\u0142o si\u0119 podsumowanie projektu \u201e Zdrowo jem , \u0142adnie m\u00f3wi\u0119\u201d<br \/>\nLogopeda pani Joanny Bergier , logopeda z przedszkola wsp\u00f3\u0142pracuj\u0105cego w realizacji projektu pani Katarzyna Wojtyszyk Stachowska oraz nauczycielki z Przedszkola 121 i 18 opracowa\u0142y projekt \u201e Zdrowo jem i \u0142adnie m\u00f3wi\u0119\u201d<br \/>\nProjekt sk\u0142ada\u0142 si\u0119 z kilku etap\u00f3w i obejmowa\u0142 rok szkolny 2016\/2017. Zaproponowali\u015bmy dzieciom i rodzicom konkurs plastyczny \u201eZdrowie na talerzu\u201d, kt\u00f3rego efekty mogli\u015bmy podziwia\u0107. Odby\u0142 si\u0119 r\u00f3wnie\u017c przegl\u0105d wiersza \u201eBli\u017cej zdrowia&#8221; i zabawy sportowe na naszym podw\u00f3rku.<\/p>\n<p style=\"text-align: left\">Na zako\u0144czenie i podsumowanie projektu zostali zaproszeni go\u015bcie Pani Magdalena Paszkiewicz , pani Lidia Walczak -I\u017cycka i nauczycielki wroc\u0142awskich przedszkoli dzia\u0142aj\u0105cych w programie MPPL, wszyscy obejrzeli zaj\u0119cie z przedszkolakami , podziwiali wystaw\u0119 plastyczn\u0105 oraz instrumenty zrobione wsp\u00f3lnie z rodzicami w ramach projektu , a na zako\u0144czenie na naszym przedszkolnym patio udali si\u0119 na zdrowy pocz\u0119stunek.<br \/>\nDzi\u0119ki wszystkim naszym staraniom i efektywnym dzia\u0142aniom certyfikacja plac\u00f3wki odb\u0119dzie si\u0119 na pocz\u0105tku roku szkolnego 2017\/2018.<br \/>\nJest nam mi\u0142o kiedy nas chwal\u0105:)<\/p>\n","protected":false},"excerpt":{"rendered":"<p>W ramach miejskiego Programu Profilaktyki logopedycznej , w kt\u00f3rym uczestniczymy ju\u017c drugi rok w naszej plac\u00f3wce odby\u0142o si\u0119 podsumowanie projektu \u201e Zdrowo jem , \u0142adnie m\u00f3wi\u0119\u201d Logopeda pani Joanny Bergier [&hellip;]<\/p>\n","protected":false},"author":22,"featured_media":1841,"comment_status":"closed","ping_status":"closed","sticky":false,"template":"","format":"standard","meta":{"ngg_post_thumbnail":0,"footnotes":""},"categories":[1],"tags":[],"class_list":["post-1827","post","type-post","status-publish","format-standard","has-post-thumbnail","hentry","category-aktualnosci","clearfix"],"_links":{"self":[{"href":"https:\/\/przedszkole121.edu.wroclaw.pl\/index.php\/wp-json\/wp\/v2\/posts\/1827","targetHints":{"allow":["GET"]}}],"collection":[{"href":"https:\/\/przedszkole121.edu.wroclaw.pl\/index.php\/wp-json\/wp\/v2\/posts"}],"about":[{"href":"https:\/\/przedszkole121.edu.wroclaw.pl\/index.php\/wp-json\/wp\/v2\/types\/post"}],"author":[{"embeddable":true,"href":"https:\/\/przedszkole121.edu.wroclaw.pl\/index.php\/wp-json\/wp\/v2\/users\/22"}],"replies":[{"embeddable":true,"href":"https:\/\/przedszkole121.edu.wroclaw.pl\/index.php\/wp-json\/wp\/v2\/comments?post=1827"}],"version-history":[{"count":1,"href":"https:\/\/przedszkole121.edu.wroclaw.pl\/index.php\/wp-json\/wp\/v2\/posts\/1827\/revisions"}],"predecessor-version":[{"id":1828,"href":"https:\/\/przedszkole121.edu.wroclaw.pl\/index.php\/wp-json\/wp\/v2\/posts\/1827\/revisions\/1828"}],"wp:featuredmedia":[{"embeddable":true,"href":"https:\/\/przedszkole121.edu.wroclaw.pl\/index.php\/wp-json\/wp\/v2\/media\/1841"}],"wp:attachment":[{"href":"https:\/\/przedszkole121.edu.wroclaw.pl\/index.php\/wp-json\/wp\/v2\/media?parent=1827"}],"wp:term":[{"taxonomy":"category","embeddable":true,"href":"https:\/\/przedszkole121.edu.wroclaw.pl\/index.php\/wp-json\/wp\/v2\/categories?post=1827"},{"taxonomy":"post_tag","embeddable":true,"href":"https:\/\/przedszkole121.edu.wroclaw.pl\/index.php\/wp-json\/wp\/v2\/tags?post=1827"}],"curies":[{"name":"wp","href":"https:\/\/api.w.org\/{rel}","templated":true}]}}