
{"id":1832,"date":"2017-07-27T14:35:40","date_gmt":"2017-07-27T12:35:40","guid":{"rendered":"https:\/\/przedszkole121.edu.wroclaw.pl\/?p=1832"},"modified":"2017-07-27T14:36:03","modified_gmt":"2017-07-27T12:36:03","slug":"rajd-smoka-strachoty","status":"publish","type":"post","link":"https:\/\/przedszkole121.edu.wroclaw.pl\/index.php\/2017\/07\/27\/rajd-smoka-strachoty\/","title":{"rendered":"Rajd Smoka Strachoty"},"content":{"rendered":"<p>W ostatnim dniu maja nasze dzielne przedszkolaki wybra\u0142y si\u0119 do Parku Szczytnickiego, aby wzi\u0105\u0107 udzia\u0142 w XIV Rajdzie Smoka Strachoty<br \/>\nTo kolejna imprezie organizowana w ramach Przedszkolnej Nagrody Wroc\u0142awia.<br \/>\nRajd \u201eSmoka Strachoty\u201d jest imprez\u0105 przeznaczon\u0105 dla dzieci z wroc\u0142awskich przedszkoli i ma charakter rekreacyjno \u2013 krajoznawczy. G\u0142\u00f3wnym celem rajdu jest zintegrowanie spo\u0142eczno\u015bci przedszkolnej, rozwijanie w\u015br\u00f3d dzieci zami\u0142owania do aktywno\u015bci ruchowej na \u015bwie\u017cym powietrzu, wzbogacenie wiedzy o legendach i wydarzeniach zwi\u0105zanych z naszym miastem \u2013 Wroc\u0142awiem.<br \/>\nNasze przedszkolaki dzielnie pokona\u0142y ca\u0142y dystans rajdu, odwiedzaj\u0105c kolejne stacje konkursowe:<br \/>\nW czasie rajdu dzieciom uda\u0142o si\u0119 wypatrze\u0107 w\u015br\u00f3d g\u0119stej ro\u015blinno\u015bci samego Smoka Strachot\u0119, kt\u00f3ry okaza\u0142 si\u0119 stworem niezwykle \u0142agodnym i kochaj\u0105cym ludzi.<br \/>\nNa koniec imprezy przedszkolaki mog\u0142y odpocz\u0105\u0107 podziwiaj\u0105c pokaz Fontanny Multimedialnej i \u2026zje\u015b\u0107 pyszne p\u0105czki przygotowane przez organizator\u00f3w.<\/p>\n","protected":false},"excerpt":{"rendered":"<p>W ostatnim dniu maja nasze dzielne przedszkolaki wybra\u0142y si\u0119 do Parku Szczytnickiego, aby wzi\u0105\u0107 udzia\u0142 w XIV Rajdzie Smoka Strachoty To kolejna imprezie organizowana w ramach Przedszkolnej Nagrody Wroc\u0142awia. Rajd [&hellip;]<\/p>\n","protected":false},"author":22,"featured_media":1791,"comment_status":"closed","ping_status":"closed","sticky":false,"template":"","format":"standard","meta":{"ngg_post_thumbnail":0,"footnotes":""},"categories":[1],"tags":[],"class_list":["post-1832","post","type-post","status-publish","format-standard","has-post-thumbnail","hentry","category-aktualnosci","clearfix"],"_links":{"self":[{"href":"https:\/\/przedszkole121.edu.wroclaw.pl\/index.php\/wp-json\/wp\/v2\/posts\/1832","targetHints":{"allow":["GET"]}}],"collection":[{"href":"https:\/\/przedszkole121.edu.wroclaw.pl\/index.php\/wp-json\/wp\/v2\/posts"}],"about":[{"href":"https:\/\/przedszkole121.edu.wroclaw.pl\/index.php\/wp-json\/wp\/v2\/types\/post"}],"author":[{"embeddable":true,"href":"https:\/\/przedszkole121.edu.wroclaw.pl\/index.php\/wp-json\/wp\/v2\/users\/22"}],"replies":[{"embeddable":true,"href":"https:\/\/przedszkole121.edu.wroclaw.pl\/index.php\/wp-json\/wp\/v2\/comments?post=1832"}],"version-history":[{"count":2,"href":"https:\/\/przedszkole121.edu.wroclaw.pl\/index.php\/wp-json\/wp\/v2\/posts\/1832\/revisions"}],"predecessor-version":[{"id":1834,"href":"https:\/\/przedszkole121.edu.wroclaw.pl\/index.php\/wp-json\/wp\/v2\/posts\/1832\/revisions\/1834"}],"wp:featuredmedia":[{"embeddable":true,"href":"https:\/\/przedszkole121.edu.wroclaw.pl\/index.php\/wp-json\/wp\/v2\/media\/1791"}],"wp:attachment":[{"href":"https:\/\/przedszkole121.edu.wroclaw.pl\/index.php\/wp-json\/wp\/v2\/media?parent=1832"}],"wp:term":[{"taxonomy":"category","embeddable":true,"href":"https:\/\/przedszkole121.edu.wroclaw.pl\/index.php\/wp-json\/wp\/v2\/categories?post=1832"},{"taxonomy":"post_tag","embeddable":true,"href":"https:\/\/przedszkole121.edu.wroclaw.pl\/index.php\/wp-json\/wp\/v2\/tags?post=1832"}],"curies":[{"name":"wp","href":"https:\/\/api.w.org\/{rel}","templated":true}]}}