
{"id":1835,"date":"2017-07-27T14:49:19","date_gmt":"2017-07-27T12:49:19","guid":{"rendered":"https:\/\/przedszkole121.edu.wroclaw.pl\/?p=1835"},"modified":"2017-07-27T15:01:10","modified_gmt":"2017-07-27T13:01:10","slug":"zakonczenie-sowek","status":"publish","type":"post","link":"https:\/\/przedszkole121.edu.wroclaw.pl\/index.php\/2017\/07\/27\/zakonczenie-sowek\/","title":{"rendered":"Zako\u0144czenie &#8222;S\u00f3wek&#8221;"},"content":{"rendered":"<p>Przedszkole to niesamowity, bardzo ciekawy, czas w \u017cyciu dziecka i nie trzeba tego t\u0142umaczy\u0107 nikomu (chyba!).<br \/>\nDzieci sp\u0119dzaj\u0105 z nami jakie\u015b trzy lata \u2013 czasem wi\u0119cej, czasem mniej, co na dany moment stanowi  to niemal\u017ce po\u0142ow\u0119 ich \u017cycia. Koniec edukacji przedszkolnej dzieci to wa\u017cny moment ,tak\u017ce, dla rodzic\u00f3w, nauczycieli.<br \/>\nSt\u0105d te\u017c w naszym przedszkolu  ten moment jest celebrowany w spos\u00f3b szczeg\u00f3lny i nadzwyczaj uroczysty.<br \/>\nTak te\u017c by\u0142o i w tym roku nasze \u201eS\u00f3wki\u201d ju\u017c doros\u0142y i przysz\u0142a pora na po\u017cegnanie.<br \/>\nO opraw\u0119 artystyczna zadba\u0142y Pani Asia I Paulina , dzieci w przedstawieniu zaprezentowa\u0142y swoje wymarzone zawody . By\u0142a wi\u0119c policjant ,  pisarka , baletnica aktorka i wiele innych . Och oby te wszystkie Wasze marzenia si\u0119 spe\u0142ni\u0142y , tego Wam \u017cyczymy z ca\u0142ego serca.<br \/>\nWr\u0119czenia  dyplom\u00f3w i upomink\u00f3w dokona\u0142a Pani Dyrektor , wi\u0119c by\u0142 to tez czas na weso\u0142e wspomnienia kiedy jeszcze byli\u015bcie w grupie wr\u00f3belk\u00f3w.<br \/>\nBy\u0142y po\u017cegnania i obietnice , \u017ce nas b\u0119dziecie odwiedza\u0107, trzymamy Was za s\u0142owo.<br \/>\nPrzed Wami podr\u00f3\u017c , kt\u00f3ra nazywa si\u0119 Szko\u0142a , wspania\u0142ych przyg\u00f3d Wam \u017cyczymy i ogromnej rado\u015bci z odkrywania nieznanego. Powodzenia<\/p>\n","protected":false},"excerpt":{"rendered":"<p>Przedszkole to niesamowity, bardzo ciekawy, czas w \u017cyciu dziecka i nie trzeba tego t\u0142umaczy\u0107 nikomu (chyba!). Dzieci sp\u0119dzaj\u0105 z nami jakie\u015b trzy lata \u2013 czasem wi\u0119cej, czasem mniej, co na [&hellip;]<\/p>\n","protected":false},"author":22,"featured_media":1814,"comment_status":"closed","ping_status":"closed","sticky":false,"template":"","format":"standard","meta":{"ngg_post_thumbnail":0,"footnotes":""},"categories":[1],"tags":[],"class_list":["post-1835","post","type-post","status-publish","format-standard","has-post-thumbnail","hentry","category-aktualnosci","clearfix"],"_links":{"self":[{"href":"https:\/\/przedszkole121.edu.wroclaw.pl\/index.php\/wp-json\/wp\/v2\/posts\/1835","targetHints":{"allow":["GET"]}}],"collection":[{"href":"https:\/\/przedszkole121.edu.wroclaw.pl\/index.php\/wp-json\/wp\/v2\/posts"}],"about":[{"href":"https:\/\/przedszkole121.edu.wroclaw.pl\/index.php\/wp-json\/wp\/v2\/types\/post"}],"author":[{"embeddable":true,"href":"https:\/\/przedszkole121.edu.wroclaw.pl\/index.php\/wp-json\/wp\/v2\/users\/22"}],"replies":[{"embeddable":true,"href":"https:\/\/przedszkole121.edu.wroclaw.pl\/index.php\/wp-json\/wp\/v2\/comments?post=1835"}],"version-history":[{"count":1,"href":"https:\/\/przedszkole121.edu.wroclaw.pl\/index.php\/wp-json\/wp\/v2\/posts\/1835\/revisions"}],"predecessor-version":[{"id":1836,"href":"https:\/\/przedszkole121.edu.wroclaw.pl\/index.php\/wp-json\/wp\/v2\/posts\/1835\/revisions\/1836"}],"wp:featuredmedia":[{"embeddable":true,"href":"https:\/\/przedszkole121.edu.wroclaw.pl\/index.php\/wp-json\/wp\/v2\/media\/1814"}],"wp:attachment":[{"href":"https:\/\/przedszkole121.edu.wroclaw.pl\/index.php\/wp-json\/wp\/v2\/media?parent=1835"}],"wp:term":[{"taxonomy":"category","embeddable":true,"href":"https:\/\/przedszkole121.edu.wroclaw.pl\/index.php\/wp-json\/wp\/v2\/categories?post=1835"},{"taxonomy":"post_tag","embeddable":true,"href":"https:\/\/przedszkole121.edu.wroclaw.pl\/index.php\/wp-json\/wp\/v2\/tags?post=1835"}],"curies":[{"name":"wp","href":"https:\/\/api.w.org\/{rel}","templated":true}]}}