
{"id":1838,"date":"2017-07-27T15:58:28","date_gmt":"2017-07-27T13:58:28","guid":{"rendered":"https:\/\/przedszkole121.edu.wroclaw.pl\/?p=1838"},"modified":"2017-07-27T15:58:28","modified_gmt":"2017-07-27T13:58:28","slug":"magia-ogrodow-smaku-i-ziol","status":"publish","type":"post","link":"https:\/\/przedszkole121.edu.wroclaw.pl\/index.php\/2017\/07\/27\/magia-ogrodow-smaku-i-ziol\/","title":{"rendered":"Magia ogrod\u00f3w, smaku i zi\u00f3\u0142"},"content":{"rendered":"<p>Pod has\u0142em \u201eMagia\u201d w roku szkolnym 2016\/2017 przeprowadzonych by\u0142o wiele interesuj\u0105cych dla dzieci dzia\u0142a\u0144. Zaprzyja\u017anili\u015bmy si\u0119 z dzie\u0107mi z trzech przedszkoli z Przedszkola nr 48 i Przedszkola nr 77 i Przedszkola nr 6. Wsp\u00f3lnie  parzyli\u015bmy herbatki zio\u0142owe wg kompozycji i pomys\u0142u dzieci, smakowali\u015bmy  warzywa i owoce w wersji surowej oraz gotowali\u015bmy na parze, przygotowywali\u015bmy  koktajle. Rozmawiali\u015bmy z kuchark\u0105, kt\u00f3ra przybli\u017cy\u0142a znaczenie zi\u00f3\u0142 w kuchni, spotkali\u015bmy si\u0119 z bratem ze Zgromadzenia Braci Bonifrat\u00f3w, kt\u00f3ry opowiedzia\u0142 dzieciom o  zio\u0142olecznictwie. Poznawali\u015bmy literatur\u0119 zielarsk\u0105, ksi\u0105\u017cki z serii \u201eTajemniczy ogr\u00f3d\u201d, \u201eZio\u0142a w\u015br\u00f3d nas\u201d, \u201eABC polskich zi\u00f3\u0142\u201d, \u201eZio\u0142a na ca\u0142y  rok \u2013 kalendarz sensoryczny\u201d oraz wiersze dla dzieci   polskich pisarzy zwi\u0105zanych z tematyk\u0105 ogrodu. Pr\u00f3bowali\u015bmy ta\u0144czy\u0107 do s\u0142\u00f3w piosenki ludowej \u201ePosz\u0142o dziewcz\u0119 po ziele&#8230;\u201d Obserwowali\u015bmy zmiany zachodz\u0105cych w przyrodzie wiosn\u0105 \u2013 spacerowali\u015bmy po ogrodzie botanicznym i zoologicznym. Hodowali\u015bmy zio\u0142a oraz nowalijki w k\u0105cikach przyrodniczych. Przeprowadzili\u015bmy zadania  badawcze \u201eJak obudzi\u0107 nasionko?\u201d sadzili\u015bmy zio\u0142a, warzywa\u2026 Oj, dzia\u0142o si\u0119 dzia\u0142o\u2026<br \/>\n5 czerwca w gimnazjum nr 1 na ul. Jeleniej spotka\u0142y si\u0119 wszystkie plac\u00f3wki zrzeszone w programie \u201eOd Inspiracji do Kreacji\u201d i zaprezentowa\u0142y swoje dzia\u0142ania realizowane przez ca\u0142y rok w przer\u00f3\u017cnej formie. Pojawi\u0142a si\u0119 \u201eMagia Wroc\u0142awia\u201d, \u201eMagia chemii\u201d, \u201eMagia zabytk\u00f3w Dolnego \u015al\u0105ska\u201d . Nasz projekt i jego prezentacja: \u201eMagia ogrod\u00f3w, smaku i zi\u00f3\u0142\u201d bardzo si\u0119 podoba\u0142\u2026  <\/p>\n","protected":false},"excerpt":{"rendered":"<p>Pod has\u0142em \u201eMagia\u201d w roku szkolnym 2016\/2017 przeprowadzonych by\u0142o wiele interesuj\u0105cych dla dzieci dzia\u0142a\u0144. Zaprzyja\u017anili\u015bmy si\u0119 z dzie\u0107mi z trzech przedszkoli z Przedszkola nr 48 i Przedszkola nr 77 i [&hellip;]<\/p>\n","protected":false},"author":22,"featured_media":1804,"comment_status":"closed","ping_status":"closed","sticky":false,"template":"","format":"standard","meta":{"ngg_post_thumbnail":0,"footnotes":""},"categories":[1],"tags":[],"class_list":["post-1838","post","type-post","status-publish","format-standard","has-post-thumbnail","hentry","category-aktualnosci","clearfix"],"_links":{"self":[{"href":"https:\/\/przedszkole121.edu.wroclaw.pl\/index.php\/wp-json\/wp\/v2\/posts\/1838","targetHints":{"allow":["GET"]}}],"collection":[{"href":"https:\/\/przedszkole121.edu.wroclaw.pl\/index.php\/wp-json\/wp\/v2\/posts"}],"about":[{"href":"https:\/\/przedszkole121.edu.wroclaw.pl\/index.php\/wp-json\/wp\/v2\/types\/post"}],"author":[{"embeddable":true,"href":"https:\/\/przedszkole121.edu.wroclaw.pl\/index.php\/wp-json\/wp\/v2\/users\/22"}],"replies":[{"embeddable":true,"href":"https:\/\/przedszkole121.edu.wroclaw.pl\/index.php\/wp-json\/wp\/v2\/comments?post=1838"}],"version-history":[{"count":1,"href":"https:\/\/przedszkole121.edu.wroclaw.pl\/index.php\/wp-json\/wp\/v2\/posts\/1838\/revisions"}],"predecessor-version":[{"id":1839,"href":"https:\/\/przedszkole121.edu.wroclaw.pl\/index.php\/wp-json\/wp\/v2\/posts\/1838\/revisions\/1839"}],"wp:featuredmedia":[{"embeddable":true,"href":"https:\/\/przedszkole121.edu.wroclaw.pl\/index.php\/wp-json\/wp\/v2\/media\/1804"}],"wp:attachment":[{"href":"https:\/\/przedszkole121.edu.wroclaw.pl\/index.php\/wp-json\/wp\/v2\/media?parent=1838"}],"wp:term":[{"taxonomy":"category","embeddable":true,"href":"https:\/\/przedszkole121.edu.wroclaw.pl\/index.php\/wp-json\/wp\/v2\/categories?post=1838"},{"taxonomy":"post_tag","embeddable":true,"href":"https:\/\/przedszkole121.edu.wroclaw.pl\/index.php\/wp-json\/wp\/v2\/tags?post=1838"}],"curies":[{"name":"wp","href":"https:\/\/api.w.org\/{rel}","templated":true}]}}