
{"id":1846,"date":"2017-09-03T12:03:29","date_gmt":"2017-09-03T10:03:29","guid":{"rendered":"https:\/\/przedszkole121.edu.wroclaw.pl\/?p=1846"},"modified":"2017-09-23T20:49:59","modified_gmt":"2017-09-23T18:49:59","slug":"zebranie-dla-rodzicow","status":"publish","type":"post","link":"https:\/\/przedszkole121.edu.wroclaw.pl\/index.php\/2017\/09\/03\/zebranie-dla-rodzicow\/","title":{"rendered":"Zebranie dla rodzic\u00f3w"},"content":{"rendered":"<div><\/div>\n<p><strong>Szanowni Pa\u0144stwo<\/strong><\/p>\n<p><strong>Zapraszamy wszystkich Pa\u0144stwa na pierwsze w nowym roku szkolnym 2017\/2018<\/strong><\/p>\n<p><strong>zebranie rodzic\u00f3w ,kt\u00f3re odb\u0119dzie si\u0119 <\/strong><strong>w \u015brod\u0119 6 wrze\u015bnia 2017r o godz. 1630<\/strong><\/p>\n<p><strong>Prosimy bardzo , aby na czas zebrania ( od godz.1700 ) dzieci mia\u0142y zapewnion\u0105 opiek\u0119 poza terenem plac\u00f3wki.<\/strong><\/p>\n<p><strong>Pierwsza cz\u0119\u015b\u0107 zebrania dotyczy\u0107 b\u0119dzie spraw organizacyjnych plac\u00f3wki , op\u0142at oraz zmian wprowadzonych w o\u015bwiacie w zwi\u0105zku z reform\u0105 edukacji<\/strong><\/p>\n<p><strong>Druga cz\u0119\u015b\u0107 to spotkanie z nauczycielkami i om\u00f3wienie spraw grupy<\/strong><\/p>\n","protected":false},"excerpt":{"rendered":"<p>Szanowni Pa\u0144stwo Zapraszamy wszystkich Pa\u0144stwa na pierwsze w nowym roku szkolnym 2017\/2018 zebranie rodzic\u00f3w ,kt\u00f3re odb\u0119dzie si\u0119 w \u015brod\u0119 6 wrze\u015bnia 2017r o godz. 1630 Prosimy bardzo , aby na [&hellip;]<\/p>\n","protected":false},"author":22,"featured_media":1850,"comment_status":"closed","ping_status":"closed","sticky":false,"template":"","format":"standard","meta":{"ngg_post_thumbnail":0,"footnotes":""},"categories":[1],"tags":[],"class_list":["post-1846","post","type-post","status-publish","format-standard","has-post-thumbnail","hentry","category-aktualnosci","clearfix"],"_links":{"self":[{"href":"https:\/\/przedszkole121.edu.wroclaw.pl\/index.php\/wp-json\/wp\/v2\/posts\/1846","targetHints":{"allow":["GET"]}}],"collection":[{"href":"https:\/\/przedszkole121.edu.wroclaw.pl\/index.php\/wp-json\/wp\/v2\/posts"}],"about":[{"href":"https:\/\/przedszkole121.edu.wroclaw.pl\/index.php\/wp-json\/wp\/v2\/types\/post"}],"author":[{"embeddable":true,"href":"https:\/\/przedszkole121.edu.wroclaw.pl\/index.php\/wp-json\/wp\/v2\/users\/22"}],"replies":[{"embeddable":true,"href":"https:\/\/przedszkole121.edu.wroclaw.pl\/index.php\/wp-json\/wp\/v2\/comments?post=1846"}],"version-history":[{"count":3,"href":"https:\/\/przedszkole121.edu.wroclaw.pl\/index.php\/wp-json\/wp\/v2\/posts\/1846\/revisions"}],"predecessor-version":[{"id":1849,"href":"https:\/\/przedszkole121.edu.wroclaw.pl\/index.php\/wp-json\/wp\/v2\/posts\/1846\/revisions\/1849"}],"wp:featuredmedia":[{"embeddable":true,"href":"https:\/\/przedszkole121.edu.wroclaw.pl\/index.php\/wp-json\/wp\/v2\/media\/1850"}],"wp:attachment":[{"href":"https:\/\/przedszkole121.edu.wroclaw.pl\/index.php\/wp-json\/wp\/v2\/media?parent=1846"}],"wp:term":[{"taxonomy":"category","embeddable":true,"href":"https:\/\/przedszkole121.edu.wroclaw.pl\/index.php\/wp-json\/wp\/v2\/categories?post=1846"},{"taxonomy":"post_tag","embeddable":true,"href":"https:\/\/przedszkole121.edu.wroclaw.pl\/index.php\/wp-json\/wp\/v2\/tags?post=1846"}],"curies":[{"name":"wp","href":"https:\/\/api.w.org\/{rel}","templated":true}]}}