
{"id":2197,"date":"2017-12-08T13:10:17","date_gmt":"2017-12-08T12:10:17","guid":{"rendered":"https:\/\/przedszkole121.edu.wroclaw.pl\/?p=2197"},"modified":"2018-01-08T21:29:24","modified_gmt":"2018-01-08T20:29:24","slug":"bajki-z-zielonego-przedszkola","status":"publish","type":"post","link":"https:\/\/przedszkole121.edu.wroclaw.pl\/index.php\/2017\/12\/08\/bajki-z-zielonego-przedszkola\/","title":{"rendered":"Bajki z Zielonego Przedszkola"},"content":{"rendered":"<div>\n<div style=\"text-align: center\" align=\"center\"><strong><span style=\"color: #008080\">&#8222;Bajki z Zielonego Przedszkola&#8221;<\/span><\/strong><\/div>\n<div>\u00a0\u00a0\u00a0\u00a0\u00a0\u00a0\u00a0\u00a0\u00a0\u00a0\u00a0\u00a0\u00a0\u00a0\u00a0 Na pocz\u0105tku listopada 2017 roku w ramach projektu \u201eCa\u0142y Wroc\u0142aw czyta\u201d w naszym przedszkolu zosta\u0142a zorganizowana akcja <strong>\u201ePisz\u0119 ja, rysujesz ty, a czytamy wszyscy my!\u201d<\/strong> w ramach kt\u00f3rej poprosili\u015bmy rodzic\u00f3w i dzieci o wsp\u00f3lne stworzenie bajek\u00a0 (rodzice mieli napisa\u0107 bajk\u0119 dla swojego dziecka, a ich pociechy j\u0105 zilustrowa\u0107) i przyniesienie ich do naszej plac\u00f3wki.<\/div>\n<div>\u00a0Efekt akcji przer\u00f3s\u0142 nasze naj\u015bmielsze oczekiwania, a\u017c 23 rodziny podzieli\u0142y si\u0119 z nami swoimi pi\u0119knymi bajkami.\u00a0 Chc\u0105c uroczy\u015bcie podzi\u0119kowa\u0107 wszystkim uczestnikom akcji, 22 listopada 2017 roku zorganizowali\u015bmy wsp\u00f3lne czytanie bajek przy kawie i ciastku, \u00a0po\u0142\u0105czone z rozdaniem dyplom\u00f3w i nagr\u00f3d.<\/div>\n<div>Z rezultatatami akcji \u2013 wszystkimi pi\u0119knymi bajkami, mo\u017cna zapozna\u0107 si\u0119 pod adresem<\/div>\n<div><a href=\"https:\/\/drive.google.com\/drive\/u\/0\/folders\/14QqV5z6RZxzxNJ6JolFqvmQvnfSxEV2Z\" target=\"_blank\" rel=\"noopener\">https:\/\/drive.google.com\/drive\/u\/0\/folders\/14QqV5z6RZxzxNJ6JolFqvmQvnfSxEV2Z<\/a><\/div>\n<div>\u00a0do czego wszystkich bardzo zach\u0119camy!<\/div>\n<\/div>\n","protected":false},"excerpt":{"rendered":"<p>&#8222;Bajki z Zielonego Przedszkola&#8221; \u00a0\u00a0\u00a0\u00a0\u00a0\u00a0\u00a0\u00a0\u00a0\u00a0\u00a0\u00a0\u00a0\u00a0\u00a0 Na pocz\u0105tku listopada 2017 roku w ramach projektu \u201eCa\u0142y Wroc\u0142aw czyta\u201d w naszym przedszkolu zosta\u0142a zorganizowana akcja \u201ePisz\u0119 ja, rysujesz ty, a czytamy wszyscy my!\u201d [&hellip;]<\/p>\n","protected":false},"author":22,"featured_media":2382,"comment_status":"closed","ping_status":"closed","sticky":false,"template":"","format":"standard","meta":{"ngg_post_thumbnail":0,"footnotes":""},"categories":[1],"tags":[],"class_list":["post-2197","post","type-post","status-publish","format-standard","has-post-thumbnail","hentry","category-aktualnosci","clearfix"],"_links":{"self":[{"href":"https:\/\/przedszkole121.edu.wroclaw.pl\/index.php\/wp-json\/wp\/v2\/posts\/2197","targetHints":{"allow":["GET"]}}],"collection":[{"href":"https:\/\/przedszkole121.edu.wroclaw.pl\/index.php\/wp-json\/wp\/v2\/posts"}],"about":[{"href":"https:\/\/przedszkole121.edu.wroclaw.pl\/index.php\/wp-json\/wp\/v2\/types\/post"}],"author":[{"embeddable":true,"href":"https:\/\/przedszkole121.edu.wroclaw.pl\/index.php\/wp-json\/wp\/v2\/users\/22"}],"replies":[{"embeddable":true,"href":"https:\/\/przedszkole121.edu.wroclaw.pl\/index.php\/wp-json\/wp\/v2\/comments?post=2197"}],"version-history":[{"count":3,"href":"https:\/\/przedszkole121.edu.wroclaw.pl\/index.php\/wp-json\/wp\/v2\/posts\/2197\/revisions"}],"predecessor-version":[{"id":2201,"href":"https:\/\/przedszkole121.edu.wroclaw.pl\/index.php\/wp-json\/wp\/v2\/posts\/2197\/revisions\/2201"}],"wp:featuredmedia":[{"embeddable":true,"href":"https:\/\/przedszkole121.edu.wroclaw.pl\/index.php\/wp-json\/wp\/v2\/media\/2382"}],"wp:attachment":[{"href":"https:\/\/przedszkole121.edu.wroclaw.pl\/index.php\/wp-json\/wp\/v2\/media?parent=2197"}],"wp:term":[{"taxonomy":"category","embeddable":true,"href":"https:\/\/przedszkole121.edu.wroclaw.pl\/index.php\/wp-json\/wp\/v2\/categories?post=2197"},{"taxonomy":"post_tag","embeddable":true,"href":"https:\/\/przedszkole121.edu.wroclaw.pl\/index.php\/wp-json\/wp\/v2\/tags?post=2197"}],"curies":[{"name":"wp","href":"https:\/\/api.w.org\/{rel}","templated":true}]}}