
{"id":2355,"date":"2018-01-03T15:43:46","date_gmt":"2018-01-03T14:43:46","guid":{"rendered":"https:\/\/przedszkole121.edu.wroclaw.pl\/?p=2355"},"modified":"2018-01-05T10:24:43","modified_gmt":"2018-01-05T09:24:43","slug":"1-podatku","status":"publish","type":"post","link":"https:\/\/przedszkole121.edu.wroclaw.pl\/index.php\/2018\/01\/03\/1-podatku\/","title":{"rendered":"1% podatku"},"content":{"rendered":"<p>Szanowni Pa\u0144stwo!<\/p>\n<p>Z ogromn\u0105 rado\u015bci\u0105 przekazujemy informacj\u0119 o \u015brodkach zgromadzonych w roku 2017 na nasze przedszkole. Wsp\u00f3lnie zebrali\u015bmy kwot\u0119 4583,80 z\u0142. Wsp\u00f3lnie tak\u017ce zdecydujemy na jaki cel je przeznaczymy. Propozycji mamy kilka , potrzeb wiele&#8230; by\u0107 mo\u017ce b\u0119dzie to \u017cagiel przeciws\u0142oneczny nad piaskownic\u0119, by\u0107 mo\u017ce do\u0142o\u017cymy do nowego urz\u0105dzenia na podw\u00f3rko przedszkolne, by\u0107 mo\u017ce zakupimy nowe stroje do wyst\u0119p\u00f3w. Je\u015bli macie Pa\u0144stwo propozycje i chcieliby\u015bcie si\u0119 nimi podzieli\u0107 zapraszamy do napisania maila lub do przekazania jej bezpo\u015brednio podczas rozmowy.<\/p>\n<p>Chcieliby\u015bmy tak\u017ce w tym roku prosi\u0107 Pa\u0144stwa o przekazywanie swojego 1% na nasze przedszkole.<\/p>\n<p><strong><span style=\"color: red\">Wype\u0142niaj\u0105c PIT podajemy w nazwie Organizacja Po\u017cytku Publicznego:<\/span><\/strong><br \/>\n<strong><span style=\"color: red\">\u201eFundacja Strachota we Wroc\u0142awiu\u201d<\/span><\/strong><br \/>\n<strong><span style=\"color: red\">KRS Fundacji \u2013 0000224647<\/span><\/strong><\/p>\n<p><strong><span style=\"color: red\">W opisie koniecznie nale\u017cy poda\u0107 Przedszkole nr 121 \u201eZielone Przedszkole\u201d<\/span><\/strong><\/p>\n<p>Dzi\u0119kujemy! Wi\u0119cej informacji mo\u017cna znale\u017a\u0107 w zak\u0142adce DOKUMENTY -1%<\/p>\n","protected":false},"excerpt":{"rendered":"<p>Szanowni Pa\u0144stwo! Z ogromn\u0105 rado\u015bci\u0105 przekazujemy informacj\u0119 o \u015brodkach zgromadzonych w roku 2017 na nasze przedszkole. Wsp\u00f3lnie zebrali\u015bmy kwot\u0119 4583,80 z\u0142. Wsp\u00f3lnie tak\u017ce zdecydujemy na jaki cel je przeznaczymy. Propozycji [&hellip;]<\/p>\n","protected":false},"author":22,"featured_media":883,"comment_status":"closed","ping_status":"closed","sticky":false,"template":"","format":"standard","meta":{"ngg_post_thumbnail":0,"footnotes":""},"categories":[1],"tags":[],"class_list":["post-2355","post","type-post","status-publish","format-standard","has-post-thumbnail","hentry","category-aktualnosci","clearfix"],"_links":{"self":[{"href":"https:\/\/przedszkole121.edu.wroclaw.pl\/index.php\/wp-json\/wp\/v2\/posts\/2355","targetHints":{"allow":["GET"]}}],"collection":[{"href":"https:\/\/przedszkole121.edu.wroclaw.pl\/index.php\/wp-json\/wp\/v2\/posts"}],"about":[{"href":"https:\/\/przedszkole121.edu.wroclaw.pl\/index.php\/wp-json\/wp\/v2\/types\/post"}],"author":[{"embeddable":true,"href":"https:\/\/przedszkole121.edu.wroclaw.pl\/index.php\/wp-json\/wp\/v2\/users\/22"}],"replies":[{"embeddable":true,"href":"https:\/\/przedszkole121.edu.wroclaw.pl\/index.php\/wp-json\/wp\/v2\/comments?post=2355"}],"version-history":[{"count":1,"href":"https:\/\/przedszkole121.edu.wroclaw.pl\/index.php\/wp-json\/wp\/v2\/posts\/2355\/revisions"}],"predecessor-version":[{"id":2356,"href":"https:\/\/przedszkole121.edu.wroclaw.pl\/index.php\/wp-json\/wp\/v2\/posts\/2355\/revisions\/2356"}],"wp:featuredmedia":[{"embeddable":true,"href":"https:\/\/przedszkole121.edu.wroclaw.pl\/index.php\/wp-json\/wp\/v2\/media\/883"}],"wp:attachment":[{"href":"https:\/\/przedszkole121.edu.wroclaw.pl\/index.php\/wp-json\/wp\/v2\/media?parent=2355"}],"wp:term":[{"taxonomy":"category","embeddable":true,"href":"https:\/\/przedszkole121.edu.wroclaw.pl\/index.php\/wp-json\/wp\/v2\/categories?post=2355"},{"taxonomy":"post_tag","embeddable":true,"href":"https:\/\/przedszkole121.edu.wroclaw.pl\/index.php\/wp-json\/wp\/v2\/tags?post=2355"}],"curies":[{"name":"wp","href":"https:\/\/api.w.org\/{rel}","templated":true}]}}