
{"id":2410,"date":"2018-01-11T16:17:25","date_gmt":"2018-01-11T15:17:25","guid":{"rendered":"https:\/\/przedszkole121.edu.wroclaw.pl\/?p=2410"},"modified":"2018-01-11T16:17:52","modified_gmt":"2018-01-11T15:17:52","slug":"2410","status":"publish","type":"post","link":"https:\/\/przedszkole121.edu.wroclaw.pl\/index.php\/2018\/01\/11\/2410\/","title":{"rendered":"&#8222;Od Inspiracji do Kreacji&#8221;"},"content":{"rendered":"<p style=\"text-align: center\">W ramach realizacji tegorocznej edycji programu<br \/>\n\u201eOD INSPIRACJI DO KREACJI\u201d<\/p>\n<p style=\"text-align: center\"><strong><span style=\"color: #008000\">i has\u0142a przewodniego na ten rok \u201eKolory\u201d<\/span><\/strong><br \/>\nodby\u0142y si\u0119 ju\u017c nast\u0119puj\u0105ce dzia\u0142ania:<\/p>\n<p style=\"text-align: center\"><span style=\"color: #800000\"><strong>DZIE\u0143 BR\u0104ZOWY<\/strong><\/span><\/p>\n<p>Dnia 24.11.2017r. w naszym przedszkolu zorganizowali\u015bmy DZIE\u0143 PLUSZOWEGO MISIA. Tego dnia wi\u0119kszo\u015b\u0107 naszych dzieci przysz\u0142a do przedszkola ze swoim ulubionym pluszakiem<br \/>\ni oczywi\u015bcie samemu ubrana na br\u0105zowo. Zabawy z misiami oraz kolorem br\u0105zowym tego dnia dominowa\u0142y we wszystkich grupach.<\/p>\n<p style=\"text-align: center\"><strong><span style=\"color: #ff0000\">DZIE\u0143 CZERWONY<\/span><\/strong><\/p>\n<p>Kolor czerwony to oczywi\u015bcie ulubiony kolor \u015aw. Miko\u0142aja. Tego dnia ka\u017cdy nasz przedszkolak te\u017c mia\u0142 to na uwadze i na g\u0142owie mia\u0142 oczywi\u015bcie miko\u0142ajow\u0105 czapeczk\u0119 i m\u00f3g\u0142 ubra\u0107 si\u0119 na czerwono.<br \/>\nKolor czerwony przewija\u0142 si\u0119 w naszym przedszkolu przed \u015bwi\u0119tami jeszcze kilkakrotnie. Na warsztatach ozd\u00f3b bo\u017conarodzeniowych dzieci wsp\u00f3lnie z rodzicami wykonywali reniferki oczywi\u015bcie z czerwonym nosem. Grupa kaczuszek zrobi\u0142a reniferki, kt\u00f3rymi p\u00f3\u017aniej wymienili\u015bmy si\u0119 z przedszkolami wsp\u00f3\u0142pracuj\u0105cymi z nami w projekcie. A tu\u017c przed samymi \u015bwi\u0119tami ogl\u0105dn\u0119li\u015bmy film o Rudolfie Czerwononosym.<\/p>\n<p style=\"text-align: center\"><strong><span style=\"color: #0000ff\">KOL<\/span><span style=\"color: #ff0000\">ORO<\/span><span style=\"color: #339966\">WA<\/span> <span style=\"color: #ff6600\">CH<\/span><span style=\"color: #ff00ff\">OI<\/span><span style=\"color: #99cc00\">NKA<\/span><\/strong><\/p>\n<p>Na trzy tygodnie przed \u015bwi\u0119tami ju\u017c rozpocz\u0119\u0142y si\u0119 w naszym przedszkolu przygotowania do nich. Ka\u017cda grupa mia\u0142a za zadanie wykona\u0107 jedn\u0105 choink\u0119 ze styropianu<br \/>\ni ozdobi\u0107 j\u0105 bombkami w kszta\u0142cie figur bardzo kolorowych. Podczas pracy mieli\u015bmy wspania\u0142\u0105 okazj\u0119 do utrwalenie nazw kolor\u00f3w i figur. Wszystkie przepi\u0119kne i kolorowe choinki wykorzystali\u015bmy do wykonania \u015bwi\u0105tecznej dekoracji na sali rekreacyjnej.<\/p>\n<p style=\"text-align: center\"><span style=\"color: #ff6600\"><strong>DZIE\u0143 POMARA\u0143CZOWY<\/strong><\/span><\/p>\n<p>Dnia 13.12.2017 r. grupa \u201eKaczuszek\u201d uda\u0142a si\u0119 do wsp\u00f3\u0142pracuj\u0105cego z nami P-48 na spotkanie z KOLOREM POMARA\u0143CZOWYM. Gospodarze przywitali nas kr\u00f3tkim, ale bardzo \u0142adnym programem artystycznym. A p\u00f3\u017aniej nast\u0105pi\u0142y wsp\u00f3lne zabawy integruj\u0105ce grup\u0119 pomara\u0144czow\u0105 z nami. Ca\u0142a zabawa odbywa\u0142a si\u0119 pod has\u0142em \u201eLubi\u0119 \u015bpiewa\u0107, lubi\u0119 ta\u0144czy\u0107, lubi\u0119 kolor pomara\u0144czy.\u201d I to has\u0142o rozbrzmiewa\u0142o tego dnia w przedszkolu wielokro\u0107. Po ta\u0144cach, piosenkach i pomara\u0144czowo-\u015bwi\u0105tecznym quizie wszystkie dzieci wykona\u0142y pomara\u0144czow\u0105 ozdob\u0119 na choink\u0119. Po zabawie i pracy przyszed\u0142 czas na s\u0142odkie co nieco, oczywi\u015bcie pomara\u0144czowe i smakowite. Przedpo\u0142udnie min\u0119\u0142o nam wszystkim w bardzo mi\u0142ej atmosferze i czas by\u0142o wraca\u0107 do naszego przedszkola.<\/p>\n","protected":false},"excerpt":{"rendered":"<p>W ramach realizacji tegorocznej edycji programu \u201eOD INSPIRACJI DO KREACJI\u201d i has\u0142a przewodniego na ten rok \u201eKolory\u201d odby\u0142y si\u0119 ju\u017c nast\u0119puj\u0105ce dzia\u0142ania: DZIE\u0143 BR\u0104ZOWY Dnia 24.11.2017r. w naszym przedszkolu zorganizowali\u015bmy [&hellip;]<\/p>\n","protected":false},"author":22,"featured_media":2408,"comment_status":"closed","ping_status":"closed","sticky":false,"template":"","format":"standard","meta":{"ngg_post_thumbnail":0,"footnotes":""},"categories":[1],"tags":[],"class_list":["post-2410","post","type-post","status-publish","format-standard","has-post-thumbnail","hentry","category-aktualnosci","clearfix"],"_links":{"self":[{"href":"https:\/\/przedszkole121.edu.wroclaw.pl\/index.php\/wp-json\/wp\/v2\/posts\/2410","targetHints":{"allow":["GET"]}}],"collection":[{"href":"https:\/\/przedszkole121.edu.wroclaw.pl\/index.php\/wp-json\/wp\/v2\/posts"}],"about":[{"href":"https:\/\/przedszkole121.edu.wroclaw.pl\/index.php\/wp-json\/wp\/v2\/types\/post"}],"author":[{"embeddable":true,"href":"https:\/\/przedszkole121.edu.wroclaw.pl\/index.php\/wp-json\/wp\/v2\/users\/22"}],"replies":[{"embeddable":true,"href":"https:\/\/przedszkole121.edu.wroclaw.pl\/index.php\/wp-json\/wp\/v2\/comments?post=2410"}],"version-history":[{"count":2,"href":"https:\/\/przedszkole121.edu.wroclaw.pl\/index.php\/wp-json\/wp\/v2\/posts\/2410\/revisions"}],"predecessor-version":[{"id":2412,"href":"https:\/\/przedszkole121.edu.wroclaw.pl\/index.php\/wp-json\/wp\/v2\/posts\/2410\/revisions\/2412"}],"wp:featuredmedia":[{"embeddable":true,"href":"https:\/\/przedszkole121.edu.wroclaw.pl\/index.php\/wp-json\/wp\/v2\/media\/2408"}],"wp:attachment":[{"href":"https:\/\/przedszkole121.edu.wroclaw.pl\/index.php\/wp-json\/wp\/v2\/media?parent=2410"}],"wp:term":[{"taxonomy":"category","embeddable":true,"href":"https:\/\/przedszkole121.edu.wroclaw.pl\/index.php\/wp-json\/wp\/v2\/categories?post=2410"},{"taxonomy":"post_tag","embeddable":true,"href":"https:\/\/przedszkole121.edu.wroclaw.pl\/index.php\/wp-json\/wp\/v2\/tags?post=2410"}],"curies":[{"name":"wp","href":"https:\/\/api.w.org\/{rel}","templated":true}]}}