
{"id":2483,"date":"2018-02-14T14:05:19","date_gmt":"2018-02-14T13:05:19","guid":{"rendered":"https:\/\/przedszkole121.edu.wroclaw.pl\/?p=2483"},"modified":"2018-02-21T09:37:26","modified_gmt":"2018-02-21T08:37:26","slug":"2483","status":"publish","type":"post","link":"https:\/\/przedszkole121.edu.wroclaw.pl\/index.php\/2018\/02\/14\/2483\/","title":{"rendered":"Zmiana stawki \u017cywieniowej"},"content":{"rendered":"<p style=\"text-align: center\"><strong>ZMIANA STAWKI \u017bYWIENIOWEJ<\/strong><br \/>\n<strong> OD 1 MARCA 2018 R.<\/strong><\/p>\n<p style=\"text-align: center\">\u00a0\u00a0\u00a0\u00a0\u00a0 Dyrektor Przedszkola nr 121 &#8222;Zielonego Przedszkola&#8221; informuje, \u017ce od 1 marca 2018 r. wprowadzamy wy\u017csz\u0105 stawk\u0119 za jeden dzie\u0144 \u017cywieniowy w naszej plac\u00f3wce. Stawka wynosi\u0107 b\u0119dzie 8,50 z\u0142 ( osiem z\u0142otych 50\/100). Zmiana jest zaakceptowana przez Wydzia\u0142 Przedszkoli i Szk\u00f3\u0142 Podstawowych.<br \/>\nDok\u0142adamy wszelkich stara\u0144, aby nasze przedszkolaki by\u0142y zdrowo i smacznie \u017cywione. Podwy\u017cka stawki bardzo nam to u\u0142atwi \u00a0 \u00a0 i umo\u017cliwi podawanie np. sok\u00f3w t\u0142oczonych na zimno z wyselekcjonowanych warzyw i owoc\u00f3w. Bardzo nam zale\u017cy, aby dzieci zjada\u0142y produkty sezonowe i tak przygotowujemy potrawy, aby nawet te dzieci, kt\u00f3re nie lubi\u0105 broku\u0142\u00f3w czy szpinaku je zjada\u0142y. Cieszymy si\u0119 bardzo, \u017ce wiele z naszych przedszkolak\u00f3w wszystkie nasze propozycje kulinarne chwali i ze smakiem zjada. Uwzgl\u0119dniamy alergie.<br \/>\n<strong>Anna Zio\u0142o<\/strong><\/p>\n","protected":false},"excerpt":{"rendered":"<p>ZMIANA STAWKI \u017bYWIENIOWEJ OD 1 MARCA 2018 R. \u00a0\u00a0\u00a0\u00a0\u00a0 Dyrektor Przedszkola nr 121 &#8222;Zielonego Przedszkola&#8221; informuje, \u017ce od 1 marca 2018 r. wprowadzamy wy\u017csz\u0105 stawk\u0119 za jeden dzie\u0144 \u017cywieniowy w [&hellip;]<\/p>\n","protected":false},"author":22,"featured_media":697,"comment_status":"closed","ping_status":"closed","sticky":false,"template":"","format":"standard","meta":{"ngg_post_thumbnail":0,"footnotes":""},"categories":[1],"tags":[],"class_list":["post-2483","post","type-post","status-publish","format-standard","has-post-thumbnail","hentry","category-aktualnosci","clearfix"],"_links":{"self":[{"href":"https:\/\/przedszkole121.edu.wroclaw.pl\/index.php\/wp-json\/wp\/v2\/posts\/2483","targetHints":{"allow":["GET"]}}],"collection":[{"href":"https:\/\/przedszkole121.edu.wroclaw.pl\/index.php\/wp-json\/wp\/v2\/posts"}],"about":[{"href":"https:\/\/przedszkole121.edu.wroclaw.pl\/index.php\/wp-json\/wp\/v2\/types\/post"}],"author":[{"embeddable":true,"href":"https:\/\/przedszkole121.edu.wroclaw.pl\/index.php\/wp-json\/wp\/v2\/users\/22"}],"replies":[{"embeddable":true,"href":"https:\/\/przedszkole121.edu.wroclaw.pl\/index.php\/wp-json\/wp\/v2\/comments?post=2483"}],"version-history":[{"count":2,"href":"https:\/\/przedszkole121.edu.wroclaw.pl\/index.php\/wp-json\/wp\/v2\/posts\/2483\/revisions"}],"predecessor-version":[{"id":2495,"href":"https:\/\/przedszkole121.edu.wroclaw.pl\/index.php\/wp-json\/wp\/v2\/posts\/2483\/revisions\/2495"}],"wp:featuredmedia":[{"embeddable":true,"href":"https:\/\/przedszkole121.edu.wroclaw.pl\/index.php\/wp-json\/wp\/v2\/media\/697"}],"wp:attachment":[{"href":"https:\/\/przedszkole121.edu.wroclaw.pl\/index.php\/wp-json\/wp\/v2\/media?parent=2483"}],"wp:term":[{"taxonomy":"category","embeddable":true,"href":"https:\/\/przedszkole121.edu.wroclaw.pl\/index.php\/wp-json\/wp\/v2\/categories?post=2483"},{"taxonomy":"post_tag","embeddable":true,"href":"https:\/\/przedszkole121.edu.wroclaw.pl\/index.php\/wp-json\/wp\/v2\/tags?post=2483"}],"curies":[{"name":"wp","href":"https:\/\/api.w.org\/{rel}","templated":true}]}}