
{"id":2555,"date":"2018-03-20T10:38:05","date_gmt":"2018-03-20T09:38:05","guid":{"rendered":"https:\/\/przedszkole121.edu.wroclaw.pl\/?p=2555"},"modified":"2018-03-20T12:44:17","modified_gmt":"2018-03-20T11:44:17","slug":"od-starosci-ku-nowoczesnosci-z-szacunkiem-dla-wspanialych-wynalazcow","status":"publish","type":"post","link":"https:\/\/przedszkole121.edu.wroclaw.pl\/index.php\/2018\/03\/20\/od-starosci-ku-nowoczesnosci-z-szacunkiem-dla-wspanialych-wynalazcow\/","title":{"rendered":"&#8222;Od staro\u015bci ku nowoczesno\u015bci&#8221;- z szacunkiem dla wspania\u0142ych wynalazc\u00f3w"},"content":{"rendered":"<p>Czy kto\u015b z was widzia\u0142 dyli\u017cans ,kt\u00f3rym je\u017adzi\u0142 F.Chopin?<br \/>\nNasza grupa S\u00f3wek widzia\u0142a &#8230;co prawda by\u0142 to dyli\u017cans ,kt\u00f3ry by\u0142 rekwizytem na planie filmowym, ale to zawsze co\u015b. Taki pi\u0119kny \u017c\u00f3\u0142to-czarny pojazd mo\u017cna zobaczy\u0107 w Muzeum Poczty Polskiej i Telekomunikacji.<br \/>\nOdwiedzili\u015bmy to muzeum 14 marca.Du\u017co ciekawych przedmiot\u00f3w zgromadzono w salach;w jednej ogl\u0105dali\u015bmy jak wygl\u0105da\u0142 ubi\u00f3r go\u0144ca, ile musia\u0142 on przej\u015b\u0107 kilometr\u00f3w (swoje trasy mierzy\u0142 krokomierzem), posiada\u0142 r\u00f3wnie\u017c bro\u0144 i wspania\u0142ego przyjaciela- psa do towarzystwa. Najwa\u017cniejsza by\u0142a zakr\u0119cona tr\u0105bka,kt\u00f3ra do dzi\u015b jest logo Poczty Polskiej. W muzeum by\u0142y te\u017c stare wagi do wa\u017cenia przesy\u0142ek pocztowych-du\u017co o nich wiedzia\u0142 nas kolega Kub. Stare pi\u00f3ra z pi\u0119knie zdobionymi ka\u0142amarzami, skrzynki pocztowe z r\u00f3\u017cnych kraj\u00f3w, plakaty i kolekcje starych znaczk\u00f3w pocztowych,maszyny do pisania, telegrafy,stare patefony , gramofony,radia,ogromny telewizor z mikroskopijnym ekranem. Ufff!!!-du\u017co tego do zapami\u0119tania a niczego nie mo\u017cna dotkn\u0105\u0107, troch\u0119 szkoda. Dlatego dla relaksu pobawili\u015bmy si\u0119 przy okienku pocztowym.Wyja\u015bniam :<br \/>\n&#8211; zaprojektowa\u0107 trzeba by\u0142o poczt\u00f3wk\u0119,<br \/>\n&#8211; poda\u0107 adres odbiorcy,<br \/>\n&#8211; zakupi\u0107 znaczek za jeden pi\u0119kny u\u015bmiech,<br \/>\n-potwierdzi\u0107 piecz\u0105tk\u0105 ,<br \/>\n-wrzuci\u0107 kartk\u0119 do skrzynki.<br \/>\nKto jeszcze pami\u0119ta taki spos\u00f3b korespondencji ? Instrukcja powy\u017cej. Ewentualnie zapyta\u0107 prosz\u0119 m\u0105dre Sowy, one ju\u017c to wiedz\u0105!<\/p>\n","protected":false},"excerpt":{"rendered":"<p>Czy kto\u015b z was widzia\u0142 dyli\u017cans ,kt\u00f3rym je\u017adzi\u0142 F.Chopin? Nasza grupa S\u00f3wek widzia\u0142a &#8230;co prawda by\u0142 to dyli\u017cans ,kt\u00f3ry by\u0142 rekwizytem na planie filmowym, ale to zawsze co\u015b. Taki pi\u0119kny [&hellip;]<\/p>\n","protected":false},"author":81,"featured_media":2557,"comment_status":"closed","ping_status":"closed","sticky":false,"template":"","format":"standard","meta":{"ngg_post_thumbnail":0,"footnotes":""},"categories":[1],"tags":[],"class_list":["post-2555","post","type-post","status-publish","format-standard","has-post-thumbnail","hentry","category-aktualnosci","clearfix"],"_links":{"self":[{"href":"https:\/\/przedszkole121.edu.wroclaw.pl\/index.php\/wp-json\/wp\/v2\/posts\/2555","targetHints":{"allow":["GET"]}}],"collection":[{"href":"https:\/\/przedszkole121.edu.wroclaw.pl\/index.php\/wp-json\/wp\/v2\/posts"}],"about":[{"href":"https:\/\/przedszkole121.edu.wroclaw.pl\/index.php\/wp-json\/wp\/v2\/types\/post"}],"author":[{"embeddable":true,"href":"https:\/\/przedszkole121.edu.wroclaw.pl\/index.php\/wp-json\/wp\/v2\/users\/81"}],"replies":[{"embeddable":true,"href":"https:\/\/przedszkole121.edu.wroclaw.pl\/index.php\/wp-json\/wp\/v2\/comments?post=2555"}],"version-history":[{"count":3,"href":"https:\/\/przedszkole121.edu.wroclaw.pl\/index.php\/wp-json\/wp\/v2\/posts\/2555\/revisions"}],"predecessor-version":[{"id":2560,"href":"https:\/\/przedszkole121.edu.wroclaw.pl\/index.php\/wp-json\/wp\/v2\/posts\/2555\/revisions\/2560"}],"wp:featuredmedia":[{"embeddable":true,"href":"https:\/\/przedszkole121.edu.wroclaw.pl\/index.php\/wp-json\/wp\/v2\/media\/2557"}],"wp:attachment":[{"href":"https:\/\/przedszkole121.edu.wroclaw.pl\/index.php\/wp-json\/wp\/v2\/media?parent=2555"}],"wp:term":[{"taxonomy":"category","embeddable":true,"href":"https:\/\/przedszkole121.edu.wroclaw.pl\/index.php\/wp-json\/wp\/v2\/categories?post=2555"},{"taxonomy":"post_tag","embeddable":true,"href":"https:\/\/przedszkole121.edu.wroclaw.pl\/index.php\/wp-json\/wp\/v2\/tags?post=2555"}],"curies":[{"name":"wp","href":"https:\/\/api.w.org\/{rel}","templated":true}]}}