
{"id":2683,"date":"2018-05-04T16:53:25","date_gmt":"2018-05-04T14:53:25","guid":{"rendered":"https:\/\/przedszkole121.edu.wroclaw.pl\/?p=2683"},"modified":"2018-05-04T16:53:25","modified_gmt":"2018-05-04T14:53:25","slug":"jestesmy-laureatami-w-konkursie-tanczace-przedszkolaki","status":"publish","type":"post","link":"https:\/\/przedszkole121.edu.wroclaw.pl\/index.php\/2018\/05\/04\/jestesmy-laureatami-w-konkursie-tanczace-przedszkolaki\/","title":{"rendered":"Jeste\u015bmy laureatami w konkursie &#8222;Ta\u0144cz\u0105ce Przedszkolaki&#8221;"},"content":{"rendered":"<p>Nasze dziewczynki z grupy &#8222;Kaczuszek&#8221; zaprezentowa\u0142y si\u0119 znakomicie na konkursie &#8222;Ta\u0144cz\u0105ce Przedszkolaki&#8221; i znalaz\u0142y si\u0119 w gronie laureat\u00f3w. Gala laureat\u00f3w odby\u0142a si\u0119 26 kwietnia na ul. S\u0142ubickiej. Dziewczynki zaprezentowa\u0142y taniec &#8222;Meduzy z wroc\u0142awskiego ZOO&#8221; z pi\u0119knymi, fioletowymi parasolkami. Ogrom braw, podzi\u0119kowania i nagroda by\u0142y owocem fantastycznego wyst\u0119pu i wcze\u015bniejszej pracy podczas pr\u00f3b.<\/p>\n","protected":false},"excerpt":{"rendered":"<p>Nasze dziewczynki z grupy &#8222;Kaczuszek&#8221; zaprezentowa\u0142y si\u0119 znakomicie na konkursie &#8222;Ta\u0144cz\u0105ce Przedszkolaki&#8221; i znalaz\u0142y si\u0119 w gronie laureat\u00f3w. Gala laureat\u00f3w odby\u0142a si\u0119 26 kwietnia na ul. S\u0142ubickiej. Dziewczynki zaprezentowa\u0142y taniec [&hellip;]<\/p>\n","protected":false},"author":22,"featured_media":2662,"comment_status":"closed","ping_status":"closed","sticky":false,"template":"","format":"standard","meta":{"ngg_post_thumbnail":0,"footnotes":""},"categories":[1],"tags":[],"class_list":["post-2683","post","type-post","status-publish","format-standard","has-post-thumbnail","hentry","category-aktualnosci","clearfix"],"_links":{"self":[{"href":"https:\/\/przedszkole121.edu.wroclaw.pl\/index.php\/wp-json\/wp\/v2\/posts\/2683","targetHints":{"allow":["GET"]}}],"collection":[{"href":"https:\/\/przedszkole121.edu.wroclaw.pl\/index.php\/wp-json\/wp\/v2\/posts"}],"about":[{"href":"https:\/\/przedszkole121.edu.wroclaw.pl\/index.php\/wp-json\/wp\/v2\/types\/post"}],"author":[{"embeddable":true,"href":"https:\/\/przedszkole121.edu.wroclaw.pl\/index.php\/wp-json\/wp\/v2\/users\/22"}],"replies":[{"embeddable":true,"href":"https:\/\/przedszkole121.edu.wroclaw.pl\/index.php\/wp-json\/wp\/v2\/comments?post=2683"}],"version-history":[{"count":1,"href":"https:\/\/przedszkole121.edu.wroclaw.pl\/index.php\/wp-json\/wp\/v2\/posts\/2683\/revisions"}],"predecessor-version":[{"id":2684,"href":"https:\/\/przedszkole121.edu.wroclaw.pl\/index.php\/wp-json\/wp\/v2\/posts\/2683\/revisions\/2684"}],"wp:featuredmedia":[{"embeddable":true,"href":"https:\/\/przedszkole121.edu.wroclaw.pl\/index.php\/wp-json\/wp\/v2\/media\/2662"}],"wp:attachment":[{"href":"https:\/\/przedszkole121.edu.wroclaw.pl\/index.php\/wp-json\/wp\/v2\/media?parent=2683"}],"wp:term":[{"taxonomy":"category","embeddable":true,"href":"https:\/\/przedszkole121.edu.wroclaw.pl\/index.php\/wp-json\/wp\/v2\/categories?post=2683"},{"taxonomy":"post_tag","embeddable":true,"href":"https:\/\/przedszkole121.edu.wroclaw.pl\/index.php\/wp-json\/wp\/v2\/tags?post=2683"}],"curies":[{"name":"wp","href":"https:\/\/api.w.org\/{rel}","templated":true}]}}