
{"id":2685,"date":"2018-05-04T17:02:18","date_gmt":"2018-05-04T15:02:18","guid":{"rendered":"https:\/\/przedszkole121.edu.wroclaw.pl\/?p=2685"},"modified":"2018-05-04T17:28:23","modified_gmt":"2018-05-04T15:28:23","slug":"nowe-zasady-oplat-za-przedszkole-od-1-maja-2018","status":"publish","type":"post","link":"https:\/\/przedszkole121.edu.wroclaw.pl\/index.php\/2018\/05\/04\/nowe-zasady-oplat-za-przedszkole-od-1-maja-2018\/","title":{"rendered":"Nowe zasady op\u0142at za przedszkole od 1 maja 2018"},"content":{"rendered":"<p>W zwi\u0105zku ze zmian\u0105 przepis\u00f3w prawnych dotycz\u0105cych charakteru op\u0142at za korzystanie z wychowania przedszkolnego ( art. 52 ust. 15\u00a0 ustawy\u00a0 z dnia 27 pa\u017adziernika 2017 r. o finansowaniu zada\u0144 o\u015bwiatowych, Dz. U. z 2017 poz.2203), <strong>z dniem 30 kwietnia 2018 r.<\/strong>\u00a0 traci moc obowi\u0105zuj\u0105c\u0105 <em>Umowa o \u015bwiadczeniu us\u0142ug przedszkola na\u00a0 rok szkolny 2017\/2018.<\/em><\/p>\n<p><strong><span style=\"color: #ff0000\">W du\u017cym skr\u00f3cie<\/span><\/strong>\u00a0 <strong>od 1 maja obowi\u0105zuj\u0105 nast\u0119puj\u0105ce zmiany:<\/strong><\/p>\n<ol>\n<li>Zamiast um\u00f3w o \u015bwiadczeniu us\u0142ug przedszkola, rodzice sk\u0142adaj\u0105 deklaracj\u0119 o czasie pobytu dziecka, \u00a0posi\u0142ki pozostaj\u0105 bez zmian.<\/li>\n<li>Nie b\u0119dzie tak jak do tej pory jednoznacznie okre\u015blonych <strong>godzin bezp\u0142atnych<\/strong> od 7.00-12.00.\u00a0 \u00a0 \u00a0 \u00a0 \u00a0 \u00a0 \u00a0Z ka\u017cdego dnia ka\u017cdemu dziecku \u00a0odliczanych b\u0119dzie 5 godzin bezp\u0142atnych .<\/li>\n<li>Przedszkole rejestruje czas pobytu dziecka w przedszkolu bardzo dok\u0142adnie. Wykorzystujemy do tego nasze karty rejestruj\u0105ce. Od 1 maja brak zarejestrowania przyj\u015bcia i odebrania dziecka w systemie liczone b\u0119dzie jakby dziecko przyprowadzone by\u0142o o godz. 7<sup>00<\/sup> i odebrane o godz. 17<sup>00<\/sup>. Nie odbicie karty b\u0119dzie dla Pa\u0144stwa niekorzystne (p\u0142acicie wi\u0119cej). Prosz\u0119 o dyscyplin\u0119. Jeste\u015bmy jedn\u0105 z nielicznych plac\u00f3wek we Wroc\u0142awiu, kt\u00f3re posiadaj\u0105 ju\u017c dzia\u0142aj\u0105cy system do rejestracji rzeczywistego pobytu dzieci w plac\u00f3wce i rozliczanie czasu Pa\u0144stwa dziecka ( dzieci) w przedszkolu b\u0119dzie si\u0119 odbywa\u0142o bardzo skrupulatnie.<\/li>\n<li>Nadal obowi\u0105zuje przepis m\u00f3wi\u0105cy ,\u017ce za dzieci obj\u0119te obowi\u0105zkiem rocznego przygotowania przedszkolnego pobierane s\u0105 tylko op\u0142aty za \u017cywienie. Podobnie za dziecko pochodz\u0105ce z rodziny wielodzietnej.<\/li>\n<li>Op\u0142aty b\u0119dziecie Pa\u0144stwo uiszcza\u0107 dopiero po zako\u0144czonym miesi\u0105cu, do 15 \u2013stego nast\u0119pnego miesi\u0105ca ( np. za maj 2018 b\u0119dziecie p\u0142aci\u0107 dopiero do 15-stego czerwca). Nadal b\u0119dziecie Pa\u0144stwo otrzymywa\u0107 na swoje prywatne maile informacj\u0119 o wysoko\u015bci obliczonej op\u0142aty.<\/li>\n<\/ol>\n<p>Uprzejmie prosz\u0119 o przeczytanie umieszczonego na tablicy og\u0142osze\u0144 i na stronie internetowej przedszkola tekstu <strong>Statutu Przedszkola nr 121 \u201eZielonego Przedszkola\u201d \u00a0ze zmianami oraz <\/strong>\u00a0po\u015bwiadczenie tego faktu\u00a0 na przekazanym o\u015bwiadczeniu.<\/p>\n<p>( tekst statutu:\u00a0 <strong><u>www.przedszkole121.edu.wroclaw.pl<\/u><\/strong>\u00a0 -zak\u0142adka DOKUMENTY)<\/p>\n<p>Prosz\u0119 r\u00f3wnie\u017c \u00a0z\u0142o\u017cy\u0107 \u00a0<strong>deklaracj\u0119<\/strong> i <strong>2 egzemplarze informacji<\/strong> o wyga\u015bni\u0119ciu z mocy prawa umowy\u00a0 dyrektorowi lub u nauczycieli grup do 7 maja 2018 r.<\/p>\n<p>Dzi\u0119kuj\u0119<\/p>\n<p>Z powa\u017caniem\u00a0 Anna Zio\u0142o \u2013dyrektor P-121<\/p>\n<p>&nbsp;<\/p>\n","protected":false},"excerpt":{"rendered":"<p>W zwi\u0105zku ze zmian\u0105 przepis\u00f3w prawnych dotycz\u0105cych charakteru op\u0142at za korzystanie z wychowania przedszkolnego ( art. 52 ust. 15\u00a0 ustawy\u00a0 z dnia 27 pa\u017adziernika 2017 r. o finansowaniu zada\u0144 o\u015bwiatowych, [&hellip;]<\/p>\n","protected":false},"author":22,"featured_media":2687,"comment_status":"closed","ping_status":"closed","sticky":false,"template":"","format":"standard","meta":{"ngg_post_thumbnail":0,"footnotes":""},"categories":[1],"tags":[],"class_list":["post-2685","post","type-post","status-publish","format-standard","has-post-thumbnail","hentry","category-aktualnosci","clearfix"],"_links":{"self":[{"href":"https:\/\/przedszkole121.edu.wroclaw.pl\/index.php\/wp-json\/wp\/v2\/posts\/2685","targetHints":{"allow":["GET"]}}],"collection":[{"href":"https:\/\/przedszkole121.edu.wroclaw.pl\/index.php\/wp-json\/wp\/v2\/posts"}],"about":[{"href":"https:\/\/przedszkole121.edu.wroclaw.pl\/index.php\/wp-json\/wp\/v2\/types\/post"}],"author":[{"embeddable":true,"href":"https:\/\/przedszkole121.edu.wroclaw.pl\/index.php\/wp-json\/wp\/v2\/users\/22"}],"replies":[{"embeddable":true,"href":"https:\/\/przedszkole121.edu.wroclaw.pl\/index.php\/wp-json\/wp\/v2\/comments?post=2685"}],"version-history":[{"count":1,"href":"https:\/\/przedszkole121.edu.wroclaw.pl\/index.php\/wp-json\/wp\/v2\/posts\/2685\/revisions"}],"predecessor-version":[{"id":2686,"href":"https:\/\/przedszkole121.edu.wroclaw.pl\/index.php\/wp-json\/wp\/v2\/posts\/2685\/revisions\/2686"}],"wp:featuredmedia":[{"embeddable":true,"href":"https:\/\/przedszkole121.edu.wroclaw.pl\/index.php\/wp-json\/wp\/v2\/media\/2687"}],"wp:attachment":[{"href":"https:\/\/przedszkole121.edu.wroclaw.pl\/index.php\/wp-json\/wp\/v2\/media?parent=2685"}],"wp:term":[{"taxonomy":"category","embeddable":true,"href":"https:\/\/przedszkole121.edu.wroclaw.pl\/index.php\/wp-json\/wp\/v2\/categories?post=2685"},{"taxonomy":"post_tag","embeddable":true,"href":"https:\/\/przedszkole121.edu.wroclaw.pl\/index.php\/wp-json\/wp\/v2\/tags?post=2685"}],"curies":[{"name":"wp","href":"https:\/\/api.w.org\/{rel}","templated":true}]}}