
{"id":2713,"date":"2018-05-17T14:54:24","date_gmt":"2018-05-17T12:54:24","guid":{"rendered":"https:\/\/przedszkole121.edu.wroclaw.pl\/?p=2713"},"modified":"2018-05-17T14:54:24","modified_gmt":"2018-05-17T12:54:24","slug":"kino-sferyczne-w-naszym-przedszkolu","status":"publish","type":"post","link":"https:\/\/przedszkole121.edu.wroclaw.pl\/index.php\/2018\/05\/17\/kino-sferyczne-w-naszym-przedszkolu\/","title":{"rendered":"Kino sferyczne w naszym przedszkolu"},"content":{"rendered":"<p>We \u015brod\u0119 16 maja przyby\u0142o do naszej plac\u00f3wki KINO SFERYCZNE. Ka\u017cda grupa zaproszona zosta\u0142a do \u015brodka wielkiej kopu\u0142y, gdzie le\u017c\u0105c lub wygodnie siedz\u0105c obejrza\u0142y film ,dzi\u0119ki\u00a0 kt\u00f3remu prze\u017cy\u0142y niezwyk\u0142e emocje . Dzieci odkry\u0142y niepowtarzalne zdj\u0119cia z\u00a0 g\u0142\u0119bi ziemi , zobaczy\u0142y jakie prawa rz\u0105dz\u0105 przyrod\u0105, jak \u017cyj\u0105 drzewa w lesie. Kolejne dwie grupy obejrza\u0142y film pt: &#8222;Polaris&#8221;. Repertuar dla pozosta\u0142ych dw\u00f3ch grup tak\u017ce zosta\u0142 dostosowany do wieku odbiorcy. Przed ka\u017cdym seansem operator wprowadza\u0142 dzieci w temat filmu, opisywa\u0142 spos\u00f3b zachowania w \u015brodku kopu\u0142y. Nasze Wr\u00f3belki przez chwil\u0119 prze\u017cywa\u0142y\u00a0 du\u017cy niepok\u00f3j, ale podczas drugiego podej\u015bcia i obejrzenia innego filmu wykaza\u0142y si\u0119 ju\u017c odwag\u0105 i po seansie u\u015bmiechni\u0119te opowiada\u0142y o tym, co widzia\u0142y. My\u015blimy ,\u017ce by\u0142a to pouczaj\u0105ca propozycja i warto\u015bciowy dla dzieci czas.<\/p>\n","protected":false},"excerpt":{"rendered":"<p>We \u015brod\u0119 16 maja przyby\u0142o do naszej plac\u00f3wki KINO SFERYCZNE. Ka\u017cda grupa zaproszona zosta\u0142a do \u015brodka wielkiej kopu\u0142y, gdzie le\u017c\u0105c lub wygodnie siedz\u0105c obejrza\u0142y film ,dzi\u0119ki\u00a0 kt\u00f3remu prze\u017cy\u0142y niezwyk\u0142e emocje [&hellip;]<\/p>\n","protected":false},"author":22,"featured_media":2714,"comment_status":"closed","ping_status":"closed","sticky":false,"template":"","format":"standard","meta":{"ngg_post_thumbnail":0,"footnotes":""},"categories":[1],"tags":[],"class_list":["post-2713","post","type-post","status-publish","format-standard","has-post-thumbnail","hentry","category-aktualnosci","clearfix"],"_links":{"self":[{"href":"https:\/\/przedszkole121.edu.wroclaw.pl\/index.php\/wp-json\/wp\/v2\/posts\/2713","targetHints":{"allow":["GET"]}}],"collection":[{"href":"https:\/\/przedszkole121.edu.wroclaw.pl\/index.php\/wp-json\/wp\/v2\/posts"}],"about":[{"href":"https:\/\/przedszkole121.edu.wroclaw.pl\/index.php\/wp-json\/wp\/v2\/types\/post"}],"author":[{"embeddable":true,"href":"https:\/\/przedszkole121.edu.wroclaw.pl\/index.php\/wp-json\/wp\/v2\/users\/22"}],"replies":[{"embeddable":true,"href":"https:\/\/przedszkole121.edu.wroclaw.pl\/index.php\/wp-json\/wp\/v2\/comments?post=2713"}],"version-history":[{"count":1,"href":"https:\/\/przedszkole121.edu.wroclaw.pl\/index.php\/wp-json\/wp\/v2\/posts\/2713\/revisions"}],"predecessor-version":[{"id":2715,"href":"https:\/\/przedszkole121.edu.wroclaw.pl\/index.php\/wp-json\/wp\/v2\/posts\/2713\/revisions\/2715"}],"wp:featuredmedia":[{"embeddable":true,"href":"https:\/\/przedszkole121.edu.wroclaw.pl\/index.php\/wp-json\/wp\/v2\/media\/2714"}],"wp:attachment":[{"href":"https:\/\/przedszkole121.edu.wroclaw.pl\/index.php\/wp-json\/wp\/v2\/media?parent=2713"}],"wp:term":[{"taxonomy":"category","embeddable":true,"href":"https:\/\/przedszkole121.edu.wroclaw.pl\/index.php\/wp-json\/wp\/v2\/categories?post=2713"},{"taxonomy":"post_tag","embeddable":true,"href":"https:\/\/przedszkole121.edu.wroclaw.pl\/index.php\/wp-json\/wp\/v2\/tags?post=2713"}],"curies":[{"name":"wp","href":"https:\/\/api.w.org\/{rel}","templated":true}]}}