
{"id":2716,"date":"2018-05-17T15:12:54","date_gmt":"2018-05-17T13:12:54","guid":{"rendered":"https:\/\/przedszkole121.edu.wroclaw.pl\/?p=2716"},"modified":"2018-05-17T15:22:50","modified_gmt":"2018-05-17T13:22:50","slug":"rekrutacja-do-przedszkola-nr-121","status":"publish","type":"post","link":"https:\/\/przedszkole121.edu.wroclaw.pl\/index.php\/2018\/05\/17\/rekrutacja-do-przedszkola-nr-121\/","title":{"rendered":"Rekrutacja do Przedszkola nr 121"},"content":{"rendered":"<p>Od 23 maja do 29 maja b\u0119dzie trwa\u0142a elektroniczna rekrutacja do naszej plac\u00f3wki. W zwi\u0105zku z tym ,\u017ce nasze przedszkole jest przedszkolem publicznym to obowi\u0105zuj\u0105 nas kryteria i terminy takie jak w ca\u0142ym Wroc\u0142awiu w w Polsce. Poni\u017cej zamieszczam linki do stron internetowych , kt\u00f3re ca\u0142o\u015bciowo opisuj\u0105 zasady rekrutacji: www. edu.wroclaw.pl\u00a0 oraz www. wroclaw.pl <a href=\"https:\/\/www.wroclaw.pl\/rekrutacja-elektroniczna-do-szkol-i-przedszkoli-informacje\">https:\/\/www.wroclaw.pl\/rekrutacja-elektroniczna-do-szkol-i-przedszkoli-informacje<\/a><\/p>\n<p>Nie organizujemy dnia otwartego, po telefonicznym um\u00f3wieniu si\u0119 zapraszamy do obejrzenia plac\u00f3wki w godz. 9.00-16.00 tel. 71 7986760<\/p>\n","protected":false},"excerpt":{"rendered":"<p>Od 23 maja do 29 maja b\u0119dzie trwa\u0142a elektroniczna rekrutacja do naszej plac\u00f3wki. W zwi\u0105zku z tym ,\u017ce nasze przedszkole jest przedszkolem publicznym to obowi\u0105zuj\u0105 nas kryteria i terminy takie [&hellip;]<\/p>\n","protected":false},"author":22,"featured_media":2720,"comment_status":"closed","ping_status":"closed","sticky":false,"template":"","format":"standard","meta":{"ngg_post_thumbnail":0,"footnotes":""},"categories":[1],"tags":[],"class_list":["post-2716","post","type-post","status-publish","format-standard","has-post-thumbnail","hentry","category-aktualnosci","clearfix"],"_links":{"self":[{"href":"https:\/\/przedszkole121.edu.wroclaw.pl\/index.php\/wp-json\/wp\/v2\/posts\/2716","targetHints":{"allow":["GET"]}}],"collection":[{"href":"https:\/\/przedszkole121.edu.wroclaw.pl\/index.php\/wp-json\/wp\/v2\/posts"}],"about":[{"href":"https:\/\/przedszkole121.edu.wroclaw.pl\/index.php\/wp-json\/wp\/v2\/types\/post"}],"author":[{"embeddable":true,"href":"https:\/\/przedszkole121.edu.wroclaw.pl\/index.php\/wp-json\/wp\/v2\/users\/22"}],"replies":[{"embeddable":true,"href":"https:\/\/przedszkole121.edu.wroclaw.pl\/index.php\/wp-json\/wp\/v2\/comments?post=2716"}],"version-history":[{"count":1,"href":"https:\/\/przedszkole121.edu.wroclaw.pl\/index.php\/wp-json\/wp\/v2\/posts\/2716\/revisions"}],"predecessor-version":[{"id":2717,"href":"https:\/\/przedszkole121.edu.wroclaw.pl\/index.php\/wp-json\/wp\/v2\/posts\/2716\/revisions\/2717"}],"wp:featuredmedia":[{"embeddable":true,"href":"https:\/\/przedszkole121.edu.wroclaw.pl\/index.php\/wp-json\/wp\/v2\/media\/2720"}],"wp:attachment":[{"href":"https:\/\/przedszkole121.edu.wroclaw.pl\/index.php\/wp-json\/wp\/v2\/media?parent=2716"}],"wp:term":[{"taxonomy":"category","embeddable":true,"href":"https:\/\/przedszkole121.edu.wroclaw.pl\/index.php\/wp-json\/wp\/v2\/categories?post=2716"},{"taxonomy":"post_tag","embeddable":true,"href":"https:\/\/przedszkole121.edu.wroclaw.pl\/index.php\/wp-json\/wp\/v2\/tags?post=2716"}],"curies":[{"name":"wp","href":"https:\/\/api.w.org\/{rel}","templated":true}]}}