
{"id":2867,"date":"2018-10-18T14:56:03","date_gmt":"2018-10-18T12:56:03","guid":{"rendered":"https:\/\/przedszkole121.edu.wroclaw.pl\/?p=2867"},"modified":"2018-10-19T10:45:15","modified_gmt":"2018-10-19T08:45:15","slug":"2867","status":"publish","type":"post","link":"https:\/\/przedszkole121.edu.wroclaw.pl\/index.php\/2018\/10\/18\/2867\/","title":{"rendered":"Klimatycznie- ekologicznie"},"content":{"rendered":"<p>Dnia 10 wrze\u015bnia 2018 roku dzieci z grupy Kaczuszek wraz z Pani\u0105 Ani\u0105, Ad\u0105 i Ev\u0105 uda\u0142y si\u0119 na Plac Solny, aby wzi\u0105\u0107 udzia\u0142 w projekcie \u201eKLIMATYCZNIE EKO- LOGICZNIE\u201d, kt\u00f3rego celem jest edukacja dzieci na rzecz zr\u00f3wnowa\u017conego rozwoju poprzez wsp\u00f3\u0142prac\u0119 plac\u00f3wek promuj\u0105cych ekorozw\u00f3j.<br \/>\nKaczuszki przygotowywa\u0142y si\u0119 tego wydarzenia wcze\u015bniej, projektuj\u0105c i wykonuj\u0105c pod okiem swoich pa\u0144 str\u00f3j ekologiczny \u2013 w ca\u0142o\u015bci z materia\u0142\u00f3w pochodz\u0105cych z recyklingu.<br \/>\nKreacja z p\u0142yt CD zosta\u0142a zaprezentowana podczas konkursu z nagrodami wywo\u0142uj\u0105c w uczestnikach spotkania du\u017ce zainteresowanie. Wraz z innymi przygotowanymi pomys\u0142ami zosta\u0142a wyr\u00f3\u017cniona, ka\u017cdy z uczestnik\u00f3w konkursu zaj\u0105\u0142 pierwsze miejsce i otrzyma\u0142 nagrody.<br \/>\nPodczas happeningu dzieci mia\u0142y r\u00f3wnie\u017c mo\u017cliwo\u015b\u0107 wzi\u0119cia udzia\u0142u w przygotowanych specjalnie dla nich animacjach i zabawach tanecznych, eksperymentach, warsztatach o tematyce ekologicznej, stoiskach tematycznych oraz otrzymaniu ekologicznych gad\u017cet\u00f3w. Ca\u0142emu wydarzeniu towarzyszy\u0142a pi\u0119kna s\u0142oneczna pogoda i u\u015bmiechy na twarzach dzieci i pa\u0144.<\/p>\n","protected":false},"excerpt":{"rendered":"<p>Dnia 10 wrze\u015bnia 2018 roku dzieci z grupy Kaczuszek wraz z Pani\u0105 Ani\u0105, Ad\u0105 i Ev\u0105 uda\u0142y si\u0119 na Plac Solny, aby wzi\u0105\u0107 udzia\u0142 w projekcie \u201eKLIMATYCZNIE EKO- LOGICZNIE\u201d, kt\u00f3rego [&hellip;]<\/p>\n","protected":false},"author":81,"featured_media":2868,"comment_status":"closed","ping_status":"closed","sticky":false,"template":"","format":"standard","meta":{"ngg_post_thumbnail":0,"footnotes":""},"categories":[1],"tags":[],"class_list":["post-2867","post","type-post","status-publish","format-standard","has-post-thumbnail","hentry","category-aktualnosci","clearfix"],"_links":{"self":[{"href":"https:\/\/przedszkole121.edu.wroclaw.pl\/index.php\/wp-json\/wp\/v2\/posts\/2867","targetHints":{"allow":["GET"]}}],"collection":[{"href":"https:\/\/przedszkole121.edu.wroclaw.pl\/index.php\/wp-json\/wp\/v2\/posts"}],"about":[{"href":"https:\/\/przedszkole121.edu.wroclaw.pl\/index.php\/wp-json\/wp\/v2\/types\/post"}],"author":[{"embeddable":true,"href":"https:\/\/przedszkole121.edu.wroclaw.pl\/index.php\/wp-json\/wp\/v2\/users\/81"}],"replies":[{"embeddable":true,"href":"https:\/\/przedszkole121.edu.wroclaw.pl\/index.php\/wp-json\/wp\/v2\/comments?post=2867"}],"version-history":[{"count":2,"href":"https:\/\/przedszkole121.edu.wroclaw.pl\/index.php\/wp-json\/wp\/v2\/posts\/2867\/revisions"}],"predecessor-version":[{"id":2871,"href":"https:\/\/przedszkole121.edu.wroclaw.pl\/index.php\/wp-json\/wp\/v2\/posts\/2867\/revisions\/2871"}],"wp:featuredmedia":[{"embeddable":true,"href":"https:\/\/przedszkole121.edu.wroclaw.pl\/index.php\/wp-json\/wp\/v2\/media\/2868"}],"wp:attachment":[{"href":"https:\/\/przedszkole121.edu.wroclaw.pl\/index.php\/wp-json\/wp\/v2\/media?parent=2867"}],"wp:term":[{"taxonomy":"category","embeddable":true,"href":"https:\/\/przedszkole121.edu.wroclaw.pl\/index.php\/wp-json\/wp\/v2\/categories?post=2867"},{"taxonomy":"post_tag","embeddable":true,"href":"https:\/\/przedszkole121.edu.wroclaw.pl\/index.php\/wp-json\/wp\/v2\/tags?post=2867"}],"curies":[{"name":"wp","href":"https:\/\/api.w.org\/{rel}","templated":true}]}}