
{"id":2919,"date":"2018-10-22T13:12:16","date_gmt":"2018-10-22T11:12:16","guid":{"rendered":"https:\/\/przedszkole121.edu.wroclaw.pl\/?p=2919"},"modified":"2018-10-22T13:13:41","modified_gmt":"2018-10-22T11:13:41","slug":"eko-warsztaty-dla-przedszkolakow","status":"publish","type":"post","link":"https:\/\/przedszkole121.edu.wroclaw.pl\/index.php\/2018\/10\/22\/eko-warsztaty-dla-przedszkolakow\/","title":{"rendered":"Eko warsztaty dla przedszkolak\u00f3w"},"content":{"rendered":"<p>W ramach \u201eNowoczesnej edukacji ekologicznej dla dzieci\u201d w pa\u017adzierniku mieli\u015bmy przyjemno\u015b\u0107 go\u015bci\u0107 w przedszkolu pani\u0105 Korneli\u0119, kt\u00f3ra w spos\u00f3b niezwykle profesjonalny przekaza\u0142a dzieciom cenn\u0105 wiedz\u0119 z zakresu selektywnej zbi\u00f3rki odpad\u00f3w komunalnych. K\u0142ad\u0105c szczeg\u00f3lny nacisk na segregacj\u0119 odpad\u00f3w i recykling. Dzieci dowiedzia\u0142y si\u0119 r\u00f3wnie\u017c, jak troszczy\u0107 si\u0119 o natur\u0119 i co kryje si\u0119 pod skr\u00f3tem PSZOK. Rozwi\u0105zuj\u0105c przer\u00f3\u017cne zadania i zabawy dotycz\u0105ce tej tematyki wykaza\u0142y si\u0119 du\u017c\u0105 znajomo\u015bci\u0105 i wiedz\u0105 wyniesion\u0105 z domu.<br \/>\nZ wielk\u0105 rado\u015bci\u0105 przyst\u0105pi\u0142y do pomalowania otrzymanych pod koniec warsztat\u00f3w toreb ekologicznych, kt\u00f3re pos\u0142u\u017c\u0105 do wielokrotnego u\u017cycia. Mamy nadziej\u0119, \u017ce zdobyta wiedza b\u0119dzie zaczynem do prezentowania w przysz\u0142o\u015bci w\u0142a\u015bciwych postaw proekologicznych.<\/p>\n","protected":false},"excerpt":{"rendered":"<p>W ramach \u201eNowoczesnej edukacji ekologicznej dla dzieci\u201d w pa\u017adzierniku mieli\u015bmy przyjemno\u015b\u0107 go\u015bci\u0107 w przedszkolu pani\u0105 Korneli\u0119, kt\u00f3ra w spos\u00f3b niezwykle profesjonalny przekaza\u0142a dzieciom cenn\u0105 wiedz\u0119 z zakresu selektywnej zbi\u00f3rki odpad\u00f3w [&hellip;]<\/p>\n","protected":false},"author":81,"featured_media":2875,"comment_status":"closed","ping_status":"closed","sticky":false,"template":"","format":"standard","meta":{"ngg_post_thumbnail":0,"footnotes":""},"categories":[1],"tags":[],"class_list":["post-2919","post","type-post","status-publish","format-standard","has-post-thumbnail","hentry","category-aktualnosci","clearfix"],"_links":{"self":[{"href":"https:\/\/przedszkole121.edu.wroclaw.pl\/index.php\/wp-json\/wp\/v2\/posts\/2919","targetHints":{"allow":["GET"]}}],"collection":[{"href":"https:\/\/przedszkole121.edu.wroclaw.pl\/index.php\/wp-json\/wp\/v2\/posts"}],"about":[{"href":"https:\/\/przedszkole121.edu.wroclaw.pl\/index.php\/wp-json\/wp\/v2\/types\/post"}],"author":[{"embeddable":true,"href":"https:\/\/przedszkole121.edu.wroclaw.pl\/index.php\/wp-json\/wp\/v2\/users\/81"}],"replies":[{"embeddable":true,"href":"https:\/\/przedszkole121.edu.wroclaw.pl\/index.php\/wp-json\/wp\/v2\/comments?post=2919"}],"version-history":[{"count":1,"href":"https:\/\/przedszkole121.edu.wroclaw.pl\/index.php\/wp-json\/wp\/v2\/posts\/2919\/revisions"}],"predecessor-version":[{"id":2920,"href":"https:\/\/przedszkole121.edu.wroclaw.pl\/index.php\/wp-json\/wp\/v2\/posts\/2919\/revisions\/2920"}],"wp:featuredmedia":[{"embeddable":true,"href":"https:\/\/przedszkole121.edu.wroclaw.pl\/index.php\/wp-json\/wp\/v2\/media\/2875"}],"wp:attachment":[{"href":"https:\/\/przedszkole121.edu.wroclaw.pl\/index.php\/wp-json\/wp\/v2\/media?parent=2919"}],"wp:term":[{"taxonomy":"category","embeddable":true,"href":"https:\/\/przedszkole121.edu.wroclaw.pl\/index.php\/wp-json\/wp\/v2\/categories?post=2919"},{"taxonomy":"post_tag","embeddable":true,"href":"https:\/\/przedszkole121.edu.wroclaw.pl\/index.php\/wp-json\/wp\/v2\/tags?post=2919"}],"curies":[{"name":"wp","href":"https:\/\/api.w.org\/{rel}","templated":true}]}}