
{"id":2923,"date":"2018-10-24T09:27:24","date_gmt":"2018-10-24T07:27:24","guid":{"rendered":"https:\/\/przedszkole121.edu.wroclaw.pl\/?p=2923"},"modified":"2018-10-28T11:48:33","modified_gmt":"2018-10-28T10:48:33","slug":"kino-sferyczne-w-zielonym-przedszkolu","status":"publish","type":"post","link":"https:\/\/przedszkole121.edu.wroclaw.pl\/index.php\/2018\/10\/24\/kino-sferyczne-w-zielonym-przedszkolu\/","title":{"rendered":"Kino sferyczne w Zielonym Przedszkolu"},"content":{"rendered":"<p>9 pa\u017adziernika 2018 r. w naszym przedszkolu dzieci mia\u0142y mo\u017cliwo\u015b\u0107 uczestniczenia w dw\u00f3ch seansach kina sferycznego. Te m\u0142odsze ogl\u0105da\u0142y film, w kt\u00f3rym biedronka i pszcz\u00f3\u0142ka dowiadywa\u0142y si\u0119, jak najwi\u0119ksze ro\u015bliny, czyli drzewa, maj\u0105 wp\u0142yw na czysto\u015b\u0107 powietrza, kt\u00f3rym oddychamy. Dzieci starsze poprzez t\u0105 projekcj\u0119 pozna\u0142y podwodne \u017cycie rafy koralowej. Spos\u00f3b przekazu tre\u015bci o charakterze proekologicznym by\u0142 dla dzieci niecodzienny a tym samym bardzo atrakcyjny. Emocjonalne prze\u017cycie tego wydarzenia b\u0119dzie zapewne skutkowa\u0142o trwa\u0142o\u015bci\u0105 zapami\u0119tania<\/p>\n","protected":false},"excerpt":{"rendered":"<p>9 pa\u017adziernika 2018 r. w naszym przedszkolu dzieci mia\u0142y mo\u017cliwo\u015b\u0107 uczestniczenia w dw\u00f3ch seansach kina sferycznego. Te m\u0142odsze ogl\u0105da\u0142y film, w kt\u00f3rym biedronka i pszcz\u00f3\u0142ka dowiadywa\u0142y si\u0119, jak najwi\u0119ksze ro\u015bliny, [&hellip;]<\/p>\n","protected":false},"author":81,"featured_media":2873,"comment_status":"closed","ping_status":"closed","sticky":false,"template":"","format":"standard","meta":{"ngg_post_thumbnail":0,"footnotes":""},"categories":[1],"tags":[],"class_list":["post-2923","post","type-post","status-publish","format-standard","has-post-thumbnail","hentry","category-aktualnosci","clearfix"],"_links":{"self":[{"href":"https:\/\/przedszkole121.edu.wroclaw.pl\/index.php\/wp-json\/wp\/v2\/posts\/2923","targetHints":{"allow":["GET"]}}],"collection":[{"href":"https:\/\/przedszkole121.edu.wroclaw.pl\/index.php\/wp-json\/wp\/v2\/posts"}],"about":[{"href":"https:\/\/przedszkole121.edu.wroclaw.pl\/index.php\/wp-json\/wp\/v2\/types\/post"}],"author":[{"embeddable":true,"href":"https:\/\/przedszkole121.edu.wroclaw.pl\/index.php\/wp-json\/wp\/v2\/users\/81"}],"replies":[{"embeddable":true,"href":"https:\/\/przedszkole121.edu.wroclaw.pl\/index.php\/wp-json\/wp\/v2\/comments?post=2923"}],"version-history":[{"count":1,"href":"https:\/\/przedszkole121.edu.wroclaw.pl\/index.php\/wp-json\/wp\/v2\/posts\/2923\/revisions"}],"predecessor-version":[{"id":2924,"href":"https:\/\/przedszkole121.edu.wroclaw.pl\/index.php\/wp-json\/wp\/v2\/posts\/2923\/revisions\/2924"}],"wp:featuredmedia":[{"embeddable":true,"href":"https:\/\/przedszkole121.edu.wroclaw.pl\/index.php\/wp-json\/wp\/v2\/media\/2873"}],"wp:attachment":[{"href":"https:\/\/przedszkole121.edu.wroclaw.pl\/index.php\/wp-json\/wp\/v2\/media?parent=2923"}],"wp:term":[{"taxonomy":"category","embeddable":true,"href":"https:\/\/przedszkole121.edu.wroclaw.pl\/index.php\/wp-json\/wp\/v2\/categories?post=2923"},{"taxonomy":"post_tag","embeddable":true,"href":"https:\/\/przedszkole121.edu.wroclaw.pl\/index.php\/wp-json\/wp\/v2\/tags?post=2923"}],"curies":[{"name":"wp","href":"https:\/\/api.w.org\/{rel}","templated":true}]}}