
{"id":2947,"date":"2018-10-30T10:15:35","date_gmt":"2018-10-30T09:15:35","guid":{"rendered":"https:\/\/przedszkole121.edu.wroclaw.pl\/?p=2947"},"modified":"2018-10-30T10:16:05","modified_gmt":"2018-10-30T09:16:05","slug":"dzien-dyni-w-zielonym-przedszkolu","status":"publish","type":"post","link":"https:\/\/przedszkole121.edu.wroclaw.pl\/index.php\/2018\/10\/30\/dzien-dyni-w-zielonym-przedszkolu\/","title":{"rendered":"Dzie\u0144 Dyni w Zielonym Przedszkolu"},"content":{"rendered":"<p>W pi\u0105tek 19 pa\u017adziernika 2018 roku nasze przedszkole odwiedzi\u0142a Kr\u00f3lowa Polskiej Jesieni \u2013 Pani Dynia.<br \/>\nDzieci bardzo d\u0142ugo przygotowywa\u0142y si\u0119 do jej wizyty. Ju\u017c tydzie\u0144 wcze\u015bniej przynosi\u0142y do przedszkola r\u00f3\u017cne dynie: pocz\u0105wszy od najmniejszych dy\u0144 ozdobnych, sko\u0144czywszy na wielkich, licz\u0105cych nawet kilka kilogram\u00f3w okaz\u00f3w.<br \/>\nW pi\u0105tek prawie wszystkie dzieci przynios\u0142y pi\u0119knie przyozdobione dynie.<br \/>\nNa wystawie przed wej\u015bciem do przedszkola mogli\u015bmy podziwia\u0107: Dynie \u2013 Je\u017ce, Dynie \u2013 Kotki, Dynie \u2013 Lampiony oraz wiele innych bli\u017cej nieokre\u015blonych wytwor\u00f3w dzieci\u0119cej wyobra\u017ani.<br \/>\nW tym dniu wszyscy ubrali si\u0119 dla Kr\u00f3lowej na pomara\u0144czowo. Panie nauczycielki \u2013 Iwona Finke i Alina Zmitrowicz \u2013 Kula przygotowa\u0142y ciekawostki, weso\u0142e zabawy oraz gry, kt\u00f3rych motywem przewodnim by\u0142a bohaterka dnia \u2013 Kr\u00f3lowa Polskiej Jesieni \u2013 Dynia.<br \/>\nPo pe\u0142nym wra\u017ce\u0144 dniu wszyscy mogli posili\u0107 si\u0119 specjalnie przygotowan\u0105 na ten dzie\u0144 pyszn\u0105 zup\u0105. Jak\u0105? \u2013 Oczywi\u015bcie dyniow\u0105!!!<\/p>\n","protected":false},"excerpt":{"rendered":"<p>W pi\u0105tek 19 pa\u017adziernika 2018 roku nasze przedszkole odwiedzi\u0142a Kr\u00f3lowa Polskiej Jesieni \u2013 Pani Dynia. Dzieci bardzo d\u0142ugo przygotowywa\u0142y si\u0119 do jej wizyty. Ju\u017c tydzie\u0144 wcze\u015bniej przynosi\u0142y do przedszkola r\u00f3\u017cne [&hellip;]<\/p>\n","protected":false},"author":81,"featured_media":2874,"comment_status":"closed","ping_status":"closed","sticky":false,"template":"","format":"standard","meta":{"ngg_post_thumbnail":0,"footnotes":""},"categories":[1],"tags":[],"class_list":["post-2947","post","type-post","status-publish","format-standard","has-post-thumbnail","hentry","category-aktualnosci","clearfix"],"_links":{"self":[{"href":"https:\/\/przedszkole121.edu.wroclaw.pl\/index.php\/wp-json\/wp\/v2\/posts\/2947","targetHints":{"allow":["GET"]}}],"collection":[{"href":"https:\/\/przedszkole121.edu.wroclaw.pl\/index.php\/wp-json\/wp\/v2\/posts"}],"about":[{"href":"https:\/\/przedszkole121.edu.wroclaw.pl\/index.php\/wp-json\/wp\/v2\/types\/post"}],"author":[{"embeddable":true,"href":"https:\/\/przedszkole121.edu.wroclaw.pl\/index.php\/wp-json\/wp\/v2\/users\/81"}],"replies":[{"embeddable":true,"href":"https:\/\/przedszkole121.edu.wroclaw.pl\/index.php\/wp-json\/wp\/v2\/comments?post=2947"}],"version-history":[{"count":2,"href":"https:\/\/przedszkole121.edu.wroclaw.pl\/index.php\/wp-json\/wp\/v2\/posts\/2947\/revisions"}],"predecessor-version":[{"id":2959,"href":"https:\/\/przedszkole121.edu.wroclaw.pl\/index.php\/wp-json\/wp\/v2\/posts\/2947\/revisions\/2959"}],"wp:featuredmedia":[{"embeddable":true,"href":"https:\/\/przedszkole121.edu.wroclaw.pl\/index.php\/wp-json\/wp\/v2\/media\/2874"}],"wp:attachment":[{"href":"https:\/\/przedszkole121.edu.wroclaw.pl\/index.php\/wp-json\/wp\/v2\/media?parent=2947"}],"wp:term":[{"taxonomy":"category","embeddable":true,"href":"https:\/\/przedszkole121.edu.wroclaw.pl\/index.php\/wp-json\/wp\/v2\/categories?post=2947"},{"taxonomy":"post_tag","embeddable":true,"href":"https:\/\/przedszkole121.edu.wroclaw.pl\/index.php\/wp-json\/wp\/v2\/tags?post=2947"}],"curies":[{"name":"wp","href":"https:\/\/api.w.org\/{rel}","templated":true}]}}