
{"id":2976,"date":"2018-11-16T13:27:46","date_gmt":"2018-11-16T12:27:46","guid":{"rendered":"https:\/\/przedszkole121.edu.wroclaw.pl\/?p=2976"},"modified":"2018-11-17T21:08:24","modified_gmt":"2018-11-17T20:08:24","slug":"rekord-dla-niepodleglej","status":"publish","type":"post","link":"https:\/\/przedszkole121.edu.wroclaw.pl\/index.php\/2018\/11\/16\/rekord-dla-niepodleglej\/","title":{"rendered":"Rekord dla Niepodleg\u0142ej"},"content":{"rendered":"<p>&#8222;Ponad 4,8 mln uczni\u00f3w (4 815 000) i prawie 470 tys. nauczycieli i pracownik\u00f3w o\u015bwiaty (468 930) z ponad 24 tys. przedszkoli, szk\u00f3\u0142 oraz plac\u00f3wek o\u015bwiatowych (24 120) zg\u0142osi\u0142o sw\u00f3j udzia\u0142 w akcji \u201eRekord dla Niepodleg\u0142ej\u201d, og\u0142oszonej przez MEN.<br \/>\nW\u015br\u00f3d zg\u0142oszonych nie mog\u0142o zabrakn\u0105\u0107 r\u00f3wnie\u017c naszego przedszkola.<br \/>\n9 listopada o godz.11.11 wsp\u00f3lnie za\u015bpiewali\u015bmy hymn Polski , ubrani w bia\u0142o czerwone barwy oraz zaopatrzeni w baloniki w barwach narodowych.<br \/>\nUda\u0142o nam si\u0119 od\u015bpiewa\u0107 4 zwrotki Mazurka D\u0105browskiego , kt\u00f3rych dzieci nauczy\u0142y si\u0119 podczas zaj\u0119\u0107 w przedszkolu. Oczywi\u015bcie najg\u0142o\u015bniej \u015bpiewa\u0142y starszaki .<br \/>\nRekord dla Niepodleg\u0142ej mia\u0142 na celu pokazanie dzieciom , \u017ce wszyscy jeste\u015bmy Polakami ,\u017ce jeste\u015bmy dumnymi ze swojej Ojczyzny.<br \/>\nW czasie \u015bpiewania hymnu w ogrodzie przedszkolnym zrobili\u015bmy dzieciakom wsp\u00f3lne zdj\u0119cie ( Pan Wojtek w tym celu wszed\u0142 na dach przedszkola , aby wszystkie przedszkolaki znalaz\u0142y si\u0119 na fotografii).<\/p>\n","protected":false},"excerpt":{"rendered":"<p>&#8222;Ponad 4,8 mln uczni\u00f3w (4 815 000) i prawie 470 tys. nauczycieli i pracownik\u00f3w o\u015bwiaty (468 930) z ponad 24 tys. przedszkoli, szk\u00f3\u0142 oraz plac\u00f3wek o\u015bwiatowych (24 120) zg\u0142osi\u0142o sw\u00f3j [&hellip;]<\/p>\n","protected":false},"author":81,"featured_media":2989,"comment_status":"closed","ping_status":"closed","sticky":false,"template":"","format":"standard","meta":{"ngg_post_thumbnail":0,"footnotes":""},"categories":[1],"tags":[],"class_list":["post-2976","post","type-post","status-publish","format-standard","has-post-thumbnail","hentry","category-aktualnosci","clearfix"],"_links":{"self":[{"href":"https:\/\/przedszkole121.edu.wroclaw.pl\/index.php\/wp-json\/wp\/v2\/posts\/2976","targetHints":{"allow":["GET"]}}],"collection":[{"href":"https:\/\/przedszkole121.edu.wroclaw.pl\/index.php\/wp-json\/wp\/v2\/posts"}],"about":[{"href":"https:\/\/przedszkole121.edu.wroclaw.pl\/index.php\/wp-json\/wp\/v2\/types\/post"}],"author":[{"embeddable":true,"href":"https:\/\/przedszkole121.edu.wroclaw.pl\/index.php\/wp-json\/wp\/v2\/users\/81"}],"replies":[{"embeddable":true,"href":"https:\/\/przedszkole121.edu.wroclaw.pl\/index.php\/wp-json\/wp\/v2\/comments?post=2976"}],"version-history":[{"count":5,"href":"https:\/\/przedszkole121.edu.wroclaw.pl\/index.php\/wp-json\/wp\/v2\/posts\/2976\/revisions"}],"predecessor-version":[{"id":2984,"href":"https:\/\/przedszkole121.edu.wroclaw.pl\/index.php\/wp-json\/wp\/v2\/posts\/2976\/revisions\/2984"}],"wp:featuredmedia":[{"embeddable":true,"href":"https:\/\/przedszkole121.edu.wroclaw.pl\/index.php\/wp-json\/wp\/v2\/media\/2989"}],"wp:attachment":[{"href":"https:\/\/przedszkole121.edu.wroclaw.pl\/index.php\/wp-json\/wp\/v2\/media?parent=2976"}],"wp:term":[{"taxonomy":"category","embeddable":true,"href":"https:\/\/przedszkole121.edu.wroclaw.pl\/index.php\/wp-json\/wp\/v2\/categories?post=2976"},{"taxonomy":"post_tag","embeddable":true,"href":"https:\/\/przedszkole121.edu.wroclaw.pl\/index.php\/wp-json\/wp\/v2\/tags?post=2976"}],"curies":[{"name":"wp","href":"https:\/\/api.w.org\/{rel}","templated":true}]}}