
{"id":3001,"date":"2018-11-19T13:32:09","date_gmt":"2018-11-19T12:32:09","guid":{"rendered":"https:\/\/przedszkole121.edu.wroclaw.pl\/?p=3001"},"modified":"2018-11-19T13:40:06","modified_gmt":"2018-11-19T12:40:06","slug":"odwiedziny-w-szkole","status":"publish","type":"post","link":"https:\/\/przedszkole121.edu.wroclaw.pl\/index.php\/2018\/11\/19\/odwiedziny-w-szkole\/","title":{"rendered":"Odwiedziny w szkole"},"content":{"rendered":"<p>13 listopada 2018r. grupa S\u00f3wek i Jask\u00f3\u0142ek zaproszona zosta\u0142a do Szko\u0142y Podstawowej nr 66 im Zbigniewa Herberta na uroczysto\u015b\u0107 po\u015bwi\u0119con\u0105 setnej rocznicy odzyskania niepodleg\u0142o\u015bci przez Polsk\u0119. Sta\u0142a si\u0119 ona okazj\u0105 do \u015bwi\u0119towania wydarze\u0144 z przesz\u0142o\u015bci. Uczniowie klasy zerowej i pierwszej \u201ea\u201d przybli\u017cyli przedszkolakom histori\u0119 odzyskania przez Polsk\u0119 niepodleg\u0142o\u015bci oraz zaprezentowali bogaty program artystyczny obejmuj\u0105cy recytacj\u0119 wierszy, wsp\u00f3lny \u015bpiew hymnu, pie\u015bni i piosenek patriotycznych, a tak\u017ce pi\u0119kny monta\u017c s\u0142owno- muzyczny. Gromkie brawa w czasie wyst\u0119pu uczni\u00f3w by\u0142y wyrazem zrozumienia przekazywanych tre\u015bci i wysi\u0142ku w\u0142o\u017conego w przygotowanie tego spotkania. Dzieci podkre\u015bli\u0142y trud walki o wolno\u015b\u0107 Ojczyzny podejmowany przez ca\u0142e pokolenia Polak\u00f3w. Nastr\u00f3j towarzysz\u0105cy tej donios\u0142ej uroczysto\u015bci sprawi\u0142, \u017ce by\u0142a wspania\u0142\u0105 lekcj\u0105 historii i patriotyzmu. A przejrzyste przes\u0142anie sprawi\u0142o, \u017ce powinni\u015bmy cieszy\u0107 si\u0119 z \u017cycia w wolnym, pi\u0119knym kraju i by\u0107 dumnymi Polakami.<\/p>\n","protected":false},"excerpt":{"rendered":"<p>13 listopada 2018r. grupa S\u00f3wek i Jask\u00f3\u0142ek zaproszona zosta\u0142a do Szko\u0142y Podstawowej nr 66 im Zbigniewa Herberta na uroczysto\u015b\u0107 po\u015bwi\u0119con\u0105 setnej rocznicy odzyskania niepodleg\u0142o\u015bci przez Polsk\u0119. Sta\u0142a si\u0119 ona okazj\u0105 [&hellip;]<\/p>\n","protected":false},"author":81,"featured_media":3008,"comment_status":"closed","ping_status":"closed","sticky":false,"template":"","format":"standard","meta":{"ngg_post_thumbnail":0,"footnotes":""},"categories":[1],"tags":[],"class_list":["post-3001","post","type-post","status-publish","format-standard","has-post-thumbnail","hentry","category-aktualnosci","clearfix"],"_links":{"self":[{"href":"https:\/\/przedszkole121.edu.wroclaw.pl\/index.php\/wp-json\/wp\/v2\/posts\/3001","targetHints":{"allow":["GET"]}}],"collection":[{"href":"https:\/\/przedszkole121.edu.wroclaw.pl\/index.php\/wp-json\/wp\/v2\/posts"}],"about":[{"href":"https:\/\/przedszkole121.edu.wroclaw.pl\/index.php\/wp-json\/wp\/v2\/types\/post"}],"author":[{"embeddable":true,"href":"https:\/\/przedszkole121.edu.wroclaw.pl\/index.php\/wp-json\/wp\/v2\/users\/81"}],"replies":[{"embeddable":true,"href":"https:\/\/przedszkole121.edu.wroclaw.pl\/index.php\/wp-json\/wp\/v2\/comments?post=3001"}],"version-history":[{"count":1,"href":"https:\/\/przedszkole121.edu.wroclaw.pl\/index.php\/wp-json\/wp\/v2\/posts\/3001\/revisions"}],"predecessor-version":[{"id":3002,"href":"https:\/\/przedszkole121.edu.wroclaw.pl\/index.php\/wp-json\/wp\/v2\/posts\/3001\/revisions\/3002"}],"wp:featuredmedia":[{"embeddable":true,"href":"https:\/\/przedszkole121.edu.wroclaw.pl\/index.php\/wp-json\/wp\/v2\/media\/3008"}],"wp:attachment":[{"href":"https:\/\/przedszkole121.edu.wroclaw.pl\/index.php\/wp-json\/wp\/v2\/media?parent=3001"}],"wp:term":[{"taxonomy":"category","embeddable":true,"href":"https:\/\/przedszkole121.edu.wroclaw.pl\/index.php\/wp-json\/wp\/v2\/categories?post=3001"},{"taxonomy":"post_tag","embeddable":true,"href":"https:\/\/przedszkole121.edu.wroclaw.pl\/index.php\/wp-json\/wp\/v2\/tags?post=3001"}],"curies":[{"name":"wp","href":"https:\/\/api.w.org\/{rel}","templated":true}]}}