
{"id":3003,"date":"2018-11-19T13:34:19","date_gmt":"2018-11-19T12:34:19","guid":{"rendered":"https:\/\/przedszkole121.edu.wroclaw.pl\/?p=3003"},"modified":"2018-11-19T13:50:21","modified_gmt":"2018-11-19T12:50:21","slug":"kosmiczna-dziura-spektakl","status":"publish","type":"post","link":"https:\/\/przedszkole121.edu.wroclaw.pl\/index.php\/2018\/11\/19\/kosmiczna-dziura-spektakl\/","title":{"rendered":"Kosmiczna dziura &#8211; spektakl"},"content":{"rendered":"<p>Dnia 9 listopada grupa skowronk\u00f3w wybra\u0142a si\u0119  na spektakl audiowizualny pt: \u201eKosmiczna Dziura\u201d.<br \/>\nG\u0142\u00f3wn\u0105 fabu\u0142\u0105 przedstawienia by\u0142a podr\u00f3\u017c w kosmos. Dzieci wraz z dwiema animatorkami poprzez muzyczne i d\u017awi\u0119kowe skojarzenia przenios\u0142y si\u0119 w przestrze\u0144 kosmiczn\u0105. Intermedialna lekcja muzyczna pozwoli\u0142a na zapoznanie dzieci z kontrabasem oraz ide\u0105 przetwarzania muzyki na \u017cywo. By\u0142o to wyj\u0105tkowe do\u015bwiadczenie dla przedszkolak\u00f3w<\/p>\n","protected":false},"excerpt":{"rendered":"<p>Dnia 9 listopada grupa skowronk\u00f3w wybra\u0142a si\u0119 na spektakl audiowizualny pt: \u201eKosmiczna Dziura\u201d. G\u0142\u00f3wn\u0105 fabu\u0142\u0105 przedstawienia by\u0142a podr\u00f3\u017c w kosmos. Dzieci wraz z dwiema animatorkami poprzez muzyczne i d\u017awi\u0119kowe skojarzenia [&hellip;]<\/p>\n","protected":false},"author":81,"featured_media":3005,"comment_status":"closed","ping_status":"closed","sticky":false,"template":"","format":"standard","meta":{"ngg_post_thumbnail":0,"footnotes":""},"categories":[1],"tags":[],"class_list":["post-3003","post","type-post","status-publish","format-standard","has-post-thumbnail","hentry","category-aktualnosci","clearfix"],"_links":{"self":[{"href":"https:\/\/przedszkole121.edu.wroclaw.pl\/index.php\/wp-json\/wp\/v2\/posts\/3003","targetHints":{"allow":["GET"]}}],"collection":[{"href":"https:\/\/przedszkole121.edu.wroclaw.pl\/index.php\/wp-json\/wp\/v2\/posts"}],"about":[{"href":"https:\/\/przedszkole121.edu.wroclaw.pl\/index.php\/wp-json\/wp\/v2\/types\/post"}],"author":[{"embeddable":true,"href":"https:\/\/przedszkole121.edu.wroclaw.pl\/index.php\/wp-json\/wp\/v2\/users\/81"}],"replies":[{"embeddable":true,"href":"https:\/\/przedszkole121.edu.wroclaw.pl\/index.php\/wp-json\/wp\/v2\/comments?post=3003"}],"version-history":[{"count":1,"href":"https:\/\/przedszkole121.edu.wroclaw.pl\/index.php\/wp-json\/wp\/v2\/posts\/3003\/revisions"}],"predecessor-version":[{"id":3004,"href":"https:\/\/przedszkole121.edu.wroclaw.pl\/index.php\/wp-json\/wp\/v2\/posts\/3003\/revisions\/3004"}],"wp:featuredmedia":[{"embeddable":true,"href":"https:\/\/przedszkole121.edu.wroclaw.pl\/index.php\/wp-json\/wp\/v2\/media\/3005"}],"wp:attachment":[{"href":"https:\/\/przedszkole121.edu.wroclaw.pl\/index.php\/wp-json\/wp\/v2\/media?parent=3003"}],"wp:term":[{"taxonomy":"category","embeddable":true,"href":"https:\/\/przedszkole121.edu.wroclaw.pl\/index.php\/wp-json\/wp\/v2\/categories?post=3003"},{"taxonomy":"post_tag","embeddable":true,"href":"https:\/\/przedszkole121.edu.wroclaw.pl\/index.php\/wp-json\/wp\/v2\/tags?post=3003"}],"curies":[{"name":"wp","href":"https:\/\/api.w.org\/{rel}","templated":true}]}}