
{"id":3011,"date":"2018-11-20T11:11:29","date_gmt":"2018-11-20T10:11:29","guid":{"rendered":"https:\/\/przedszkole121.edu.wroclaw.pl\/?p=3011"},"modified":"2018-11-21T12:24:20","modified_gmt":"2018-11-21T11:24:20","slug":"100-lat-polsko","status":"publish","type":"post","link":"https:\/\/przedszkole121.edu.wroclaw.pl\/index.php\/2018\/11\/20\/100-lat-polsko\/","title":{"rendered":"100 lat Polsko"},"content":{"rendered":"<p>100 KOKARD NA 100 LAT POLSKI<br \/>\n 8 listopada 2018 roku takim w\u0142a\u015bnie has\u0142em zaprosi\u0142y\u015bmy rodzic\u00f3w dzieci naszych przedszkolak\u00f3w na warsztaty wykonania kokard narodowych.  Kszta\u0142towanie postaw patriotycznych w\u015br\u00f3d dzieci jest donios\u0142ym zadaniem w pracy nauczyciela. To my we wsp\u00f3\u0142pracy z rodzicami przygotowujemy dziecko do \u017cycia w spo\u0142ecze\u0144stwie, kszta\u0142tujemy jego poczucie to\u017csamo\u015bci narodowej, a tak\u017ce uczymy okazywania mi\u0142o\u015bci i szacunku swojej ma\u0142ej i wielkiej Ojczy\u017anie. Dlatego organizowanie tego typu spotkania w okresie \u015awi\u0119ta Odzyskania Niepodleg\u0142o\u015bci jest w naszej plac\u00f3wce tradycj\u0105 ju\u017c od wielu lat. Podobnie jak w latach ubieg\u0142ych, w scenerii w bia\u0142o-czerwonych barw, przy akompaniamencie patriotycznych utwor\u00f3w i pr\u00f3bach wsp\u00f3lnego ich \u015bpiewu, dzieci, rodzice i babcie przedszkolak\u00f3w klei\u0142y kokardy dla siebie i swoich najbli\u017cszych. Przypi\u0119te 11 listopada do ubioru mia\u0142y \u015bwiadczy\u0107, \u017ce to radosne \u015bwi\u0119to &#8211; 100 rocznicy odzyskania przez Polsk\u0119 niepodleg\u0142o\u015bci prze\u017cywamy razem, we wsp\u00f3lnocie milion\u00f3w Polak\u00f3w.<br \/>\nWsp\u00f3lne przygotowywanie kokard stanowi\u0142o sympatyczn\u0105 zabaw\u0119 doskonal\u0105c\u0105 sprawno\u015b\u0107 manualn\u0105 przedszkolak\u00f3w, a jednocze\u015bnie by\u0142o to spotkanie autentyczn\u0105 lekcj\u0119 patriotyzmu.<br \/>\nPersonel naszej plac\u00f3wki wywi\u0105za\u0142 si\u0119 natomiast z zadania i wykona\u0142 na pro\u015bb\u0119 Rady Osiedla na kt\u00f3rym mie\u015bci si\u0119 nasza plac\u00f3wka nie 100, a 200 kokard, kt\u00f3re mia\u0142y by\u0107 patriotycznym akcentem na organizowanej przez rad\u0119 uroczysto\u015bci z okazji \u015awi\u0119ta Odzyskania Niepodleg\u0142o\u015bci. <\/p>\n","protected":false},"excerpt":{"rendered":"<p>100 KOKARD NA 100 LAT POLSKI 8 listopada 2018 roku takim w\u0142a\u015bnie has\u0142em zaprosi\u0142y\u015bmy rodzic\u00f3w dzieci naszych przedszkolak\u00f3w na warsztaty wykonania kokard narodowych. Kszta\u0142towanie postaw patriotycznych w\u015br\u00f3d dzieci jest donios\u0142ym [&hellip;]<\/p>\n","protected":false},"author":81,"featured_media":3023,"comment_status":"closed","ping_status":"closed","sticky":false,"template":"","format":"standard","meta":{"ngg_post_thumbnail":0,"footnotes":""},"categories":[1],"tags":[],"class_list":["post-3011","post","type-post","status-publish","format-standard","has-post-thumbnail","hentry","category-aktualnosci","clearfix"],"_links":{"self":[{"href":"https:\/\/przedszkole121.edu.wroclaw.pl\/index.php\/wp-json\/wp\/v2\/posts\/3011","targetHints":{"allow":["GET"]}}],"collection":[{"href":"https:\/\/przedszkole121.edu.wroclaw.pl\/index.php\/wp-json\/wp\/v2\/posts"}],"about":[{"href":"https:\/\/przedszkole121.edu.wroclaw.pl\/index.php\/wp-json\/wp\/v2\/types\/post"}],"author":[{"embeddable":true,"href":"https:\/\/przedszkole121.edu.wroclaw.pl\/index.php\/wp-json\/wp\/v2\/users\/81"}],"replies":[{"embeddable":true,"href":"https:\/\/przedszkole121.edu.wroclaw.pl\/index.php\/wp-json\/wp\/v2\/comments?post=3011"}],"version-history":[{"count":1,"href":"https:\/\/przedszkole121.edu.wroclaw.pl\/index.php\/wp-json\/wp\/v2\/posts\/3011\/revisions"}],"predecessor-version":[{"id":3012,"href":"https:\/\/przedszkole121.edu.wroclaw.pl\/index.php\/wp-json\/wp\/v2\/posts\/3011\/revisions\/3012"}],"wp:featuredmedia":[{"embeddable":true,"href":"https:\/\/przedszkole121.edu.wroclaw.pl\/index.php\/wp-json\/wp\/v2\/media\/3023"}],"wp:attachment":[{"href":"https:\/\/przedszkole121.edu.wroclaw.pl\/index.php\/wp-json\/wp\/v2\/media?parent=3011"}],"wp:term":[{"taxonomy":"category","embeddable":true,"href":"https:\/\/przedszkole121.edu.wroclaw.pl\/index.php\/wp-json\/wp\/v2\/categories?post=3011"},{"taxonomy":"post_tag","embeddable":true,"href":"https:\/\/przedszkole121.edu.wroclaw.pl\/index.php\/wp-json\/wp\/v2\/tags?post=3011"}],"curies":[{"name":"wp","href":"https:\/\/api.w.org\/{rel}","templated":true}]}}